{"id":5963,"date":"2021-03-17T10:30:18","date_gmt":"2021-03-17T09:30:18","guid":{"rendered":"https:\/\/interco-international.com\/?p=5963"},"modified":"2021-03-17T10:30:18","modified_gmt":"2021-03-17T09:30:18","slug":"8eme-itw-laurent-rey-lescure-adjoint-au-delegue-europe-international-de-la-region-nouvelle-aquitaine","status":"publish","type":"post","link":"https:\/\/interco-international.com\/fr\/2021\/03\/17\/8eme-itw-laurent-rey-lescure-adjoint-au-delegue-europe-international-de-la-region-nouvelle-aquitaine\/","title":{"rendered":"8\u00e8me ITW : Laurent Rey Lescure- Adjoint au D\u00e9l\u00e9gu\u00e9 Europe International de la R\u00e9gion Nouvelle-Aquitaine"},"content":{"rendered":"<h2 style=\"text-align: center;\">\u00ab Br\u00e8ves Internationales \u00bb<\/p>\n<p>8\u00e8me ITW : Laurent Rey Lescure- Adjoint au D\u00e9l\u00e9gu\u00e9 Europe International de la R\u00e9gion Nouvelle-Aquitaine<\/h2>\n<p style=\"text-align: center;\">\nVid\u00e9o en entier sur notre cha\u00eene Youtube:<span style=\"color: #0000ff;\">\u00a0<a id=\"LPlnk\" style=\"color: #0000ff;\" href=\"https:\/\/youtu.be\/kvu1EZME3LM\" target=\"_blank\" rel=\"noopener noreferrer\" data-auth=\"NotApplicable\">https:\/\/youtu.be\/kvu1EZME3LM<\/a><\/span><\/p>\n<p style=\"text-align: center;\">Interco est impliqu\u00e9e dans le partenariat entre Qu\u00e9bec International et la R\u00e9gion Nouvelle-Aquitaine pour la mise en place d\u2019un r\u00e9seau biomat\u00e9riaux pour les dispositifs m\u00e9dicaux implantables associant chercheurs, organismes de transfert et entreprises, projet financ\u00e9 par la R\u00e9gion et le Fonds Franco-Qu\u00e9b\u00e9cois de Coop\u00e9ration D\u00e9centralis\u00e9e (FFQCD).\ud83c\udf0e<\/p>\n<div><span style=\"color: #333333;\"><a style=\"color: #333333;\" href=\"https:\/\/www.linkedin.com\/feed\/hashtag\/?keywords=intercona&highlightedUpdateUrns=urn%3Ali%3Aactivity%3A6770647211786162176\" target=\"_blank\" rel=\"noopener noreferrer\" data-auth=\"NotApplicable\">#IntercoNA<\/a>\u00a0<a style=\"color: #333333;\" href=\"https:\/\/www.linkedin.com\/feed\/hashtag\/?keywords=viti&highlightedUpdateUrns=urn%3Ali%3Aactivity%3A6770647211786162176\" target=\"_blank\" rel=\"noopener noreferrer\" data-auth=\"NotApplicable\">#<\/a>Esant\u00e9\u00a0<a style=\"color: #333333;\" href=\"https:\/\/www.linkedin.com\/feed\/hashtag\/?keywords=wine&highlightedUpdateUrns=urn%3Ali%3Aactivity%3A6770647211786162176\" target=\"_blank\" rel=\"noopener noreferrer\" data-auth=\"NotApplicable\">#<\/a>SilverEconomy #FFQCD #International #NA #Qu\u00e9bec<\/span><\/div>\n<div><\/div>\n<div>\n<div style=\"width: 640px;\" class=\"wp-video\"><!--[if lt IE 9]><script>document.createElement('video');<\/script><![endif]-->\n<video class=\"wp-video-shortcode\" id=\"video-5963-1\" width=\"640\" height=\"360\" preload=\"metadata\" controls=\"controls\"><source type=\"video\/mp4\" src=\"https:\/\/interco-international.com\/wp-content\/uploads\/2021\/03\/RS-Laurent-Rey-Lescure-FFQCD-.mp4?_=1\" \/><a href=\"https:\/\/interco-international.com\/wp-content\/uploads\/2021\/03\/RS-Laurent-Rey-Lescure-FFQCD-.mp4\">https:\/\/interco-international.com\/wp-content\/uploads\/2021\/03\/RS-Laurent-Rey-Lescure-FFQCD-.mp4<\/a><\/video><\/div>\n<\/div>\n","protected":false},"excerpt":{"rendered":"<p>\u00ab Br\u00e8ves Internationales \u00bb 8\u00e8me ITW : Laurent Rey Lescure- Adjoint au D\u00e9l\u00e9gu\u00e9 Europe International de la R\u00e9gion Nouvelle-Aquitaine Vid\u00e9o [&hellip;]<\/p>\n","protected":false},"author":9,"featured_media":5967,"comment_status":"open","ping_status":"open","sticky":false,"template":"","format":"standard","meta":{"_acf_changed":false,"_et_pb_use_builder":"","_et_pb_old_content":"","_et_gb_content_width":"","footnotes":""},"categories":[23],"tags":[],"class_list":["post-5963","post","type-post","status-publish","format-standard","has-post-thumbnail","hentry","category-actualite"],"acf":[],"yoast_head":"<!-- This site is optimized with the Yoast SEO plugin v27.4 - https:\/\/yoast.com\/product\/yoast-seo-wordpress\/ -->\n<title>8\u00e8me ITW : Laurent Rey Lescure- Adjoint au D\u00e9l\u00e9gu\u00e9 Europe International de la R\u00e9gion Nouvelle-Aquitaine - Interco | Premier site de mise en relation internationale<\/title>\n<meta name=\"robots\" content=\"index, follow, max-snippet:-1, max-image-preview:large, max-video-preview:-1\" \/>\n<link rel=\"canonical\" href=\"https:\/\/interco-international.com\/fr\/2021\/03\/17\/8eme-itw-laurent-rey-lescure-adjoint-au-delegue-europe-international-de-la-region-nouvelle-aquitaine\/\" \/>\n<meta property=\"og:locale\" content=\"fr_FR\" \/>\n<meta property=\"og:type\" content=\"article\" \/>\n<meta property=\"og:title\" content=\"8\u00e8me ITW : Laurent Rey Lescure- Adjoint au D\u00e9l\u00e9gu\u00e9 Europe International de la R\u00e9gion Nouvelle-Aquitaine - Interco | Premier site de mise en relation internationale\" \/>\n<meta property=\"og:description\" content=\"\u00ab Br\u00e8ves Internationales \u00bb 8\u00e8me ITW : Laurent Rey Lescure- Adjoint au D\u00e9l\u00e9gu\u00e9 Europe International de la R\u00e9gion Nouvelle-Aquitaine Vid\u00e9o [&hellip;]\" \/>\n<meta property=\"og:url\" content=\"https:\/\/interco-international.com\/fr\/2021\/03\/17\/8eme-itw-laurent-rey-lescure-adjoint-au-delegue-europe-international-de-la-region-nouvelle-aquitaine\/\" \/>\n<meta property=\"og:site_name\" content=\"Interco | Premier site de mise en relation internationale\" \/>\n<meta property=\"article:published_time\" content=\"2021-03-17T09:30:18+00:00\" \/>\n<meta property=\"og:image\" content=\"https:\/\/interco-international.com\/wp-content\/uploads\/2021\/03\/Copie-de-Coupeco.png\" \/>\n\t<meta property=\"og:image:width\" content=\"500\" \/>\n\t<meta property=\"og:image:height\" content=\"500\" \/>\n\t<meta property=\"og:image:type\" content=\"image\/png\" \/>\n<meta name=\"author\" content=\"ana interco\" \/>\n<meta name=\"twitter:card\" content=\"summary_large_image\" \/>\n<meta name=\"twitter:label1\" content=\"\u00c9crit par\" \/>\n\t<meta name=\"twitter:data1\" content=\"ana interco\" \/>\n\t<meta name=\"twitter:label2\" content=\"Dur\u00e9e de lecture estim\u00e9e\" \/>\n\t<meta name=\"twitter:data2\" content=\"1 minute\" \/>\n<script type=\"application\/ld+json\" class=\"yoast-schema-graph\">{\"@context\":\"https:\\\/\\\/schema.org\",\"@graph\":[{\"@type\":\"Article\",\"@id\":\"https:\\\/\\\/interco-international.com\\\/fr\\\/2021\\\/03\\\/17\\\/8eme-itw-laurent-rey-lescure-adjoint-au-delegue-europe-international-de-la-region-nouvelle-aquitaine\\\/#article\",\"isPartOf\":{\"@id\":\"https:\\\/\\\/interco-international.com\\\/fr\\\/2021\\\/03\\\/17\\\/8eme-itw-laurent-rey-lescure-adjoint-au-delegue-europe-international-de-la-region-nouvelle-aquitaine\\\/\"},\"author\":{\"name\":\"ana interco\",\"@id\":\"https:\\\/\\\/interco-international.com\\\/fr\\\/#\\\/schema\\\/person\\\/6eb3ab527642af4db3cda7242da6207a\"},\"headline\":\"8\u00e8me ITW : Laurent Rey Lescure- Adjoint au D\u00e9l\u00e9gu\u00e9 Europe International de la R\u00e9gion Nouvelle-Aquitaine\",\"datePublished\":\"2021-03-17T09:30:18+00:00\",\"mainEntityOfPage\":{\"@id\":\"https:\\\/\\\/interco-international.com\\\/fr\\\/2021\\\/03\\\/17\\\/8eme-itw-laurent-rey-lescure-adjoint-au-delegue-europe-international-de-la-region-nouvelle-aquitaine\\\/\"},\"wordCount\":131,\"commentCount\":0,\"image\":{\"@id\":\"https:\\\/\\\/interco-international.com\\\/fr\\\/2021\\\/03\\\/17\\\/8eme-itw-laurent-rey-lescure-adjoint-au-delegue-europe-international-de-la-region-nouvelle-aquitaine\\\/#primaryimage\"},\"thumbnailUrl\":\"https:\\\/\\\/interco-international.com\\\/wp-content\\\/uploads\\\/2021\\\/03\\\/Copie-de-Coupeco.png\",\"articleSection\":[\"Actualit\u00e9\"],\"inLanguage\":\"fr-FR\",\"potentialAction\":[{\"@type\":\"CommentAction\",\"name\":\"Comment\",\"target\":[\"https:\\\/\\\/interco-international.com\\\/fr\\\/2021\\\/03\\\/17\\\/8eme-itw-laurent-rey-lescure-adjoint-au-delegue-europe-international-de-la-region-nouvelle-aquitaine\\\/#respond\"]}]},{\"@type\":\"WebPage\",\"@id\":\"https:\\\/\\\/interco-international.com\\\/fr\\\/2021\\\/03\\\/17\\\/8eme-itw-laurent-rey-lescure-adjoint-au-delegue-europe-international-de-la-region-nouvelle-aquitaine\\\/\",\"url\":\"https:\\\/\\\/interco-international.com\\\/fr\\\/2021\\\/03\\\/17\\\/8eme-itw-laurent-rey-lescure-adjoint-au-delegue-europe-international-de-la-region-nouvelle-aquitaine\\\/\",\"name\":\"8\u00e8me ITW : Laurent Rey Lescure- Adjoint au D\u00e9l\u00e9gu\u00e9 Europe International de la R\u00e9gion Nouvelle-Aquitaine - Interco | Premier site de mise en relation internationale\",\"isPartOf\":{\"@id\":\"https:\\\/\\\/interco-international.com\\\/fr\\\/#website\"},\"primaryImageOfPage\":{\"@id\":\"https:\\\/\\\/interco-international.com\\\/fr\\\/2021\\\/03\\\/17\\\/8eme-itw-laurent-rey-lescure-adjoint-au-delegue-europe-international-de-la-region-nouvelle-aquitaine\\\/#primaryimage\"},\"image\":{\"@id\":\"https:\\\/\\\/interco-international.com\\\/fr\\\/2021\\\/03\\\/17\\\/8eme-itw-laurent-rey-lescure-adjoint-au-delegue-europe-international-de-la-region-nouvelle-aquitaine\\\/#primaryimage\"},\"thumbnailUrl\":\"https:\\\/\\\/interco-international.com\\\/wp-content\\\/uploads\\\/2021\\\/03\\\/Copie-de-Coupeco.png\",\"datePublished\":\"2021-03-17T09:30:18+00:00\",\"author\":{\"@id\":\"https:\\\/\\\/interco-international.com\\\/fr\\\/#\\\/schema\\\/person\\\/6eb3ab527642af4db3cda7242da6207a\"},\"breadcrumb\":{\"@id\":\"https:\\\/\\\/interco-international.com\\\/fr\\\/2021\\\/03\\\/17\\\/8eme-itw-laurent-rey-lescure-adjoint-au-delegue-europe-international-de-la-region-nouvelle-aquitaine\\\/#breadcrumb\"},\"inLanguage\":\"fr-FR\",\"potentialAction\":[{\"@type\":\"ReadAction\",\"target\":[\"https:\\\/\\\/interco-international.com\\\/fr\\\/2021\\\/03\\\/17\\\/8eme-itw-laurent-rey-lescure-adjoint-au-delegue-europe-international-de-la-region-nouvelle-aquitaine\\\/\"]}]},{\"@type\":\"ImageObject\",\"inLanguage\":\"fr-FR\",\"@id\":\"https:\\\/\\\/interco-international.com\\\/fr\\\/2021\\\/03\\\/17\\\/8eme-itw-laurent-rey-lescure-adjoint-au-delegue-europe-international-de-la-region-nouvelle-aquitaine\\\/#primaryimage\",\"url\":\"https:\\\/\\\/interco-international.com\\\/wp-content\\\/uploads\\\/2021\\\/03\\\/Copie-de-Coupeco.png\",\"contentUrl\":\"https:\\\/\\\/interco-international.com\\\/wp-content\\\/uploads\\\/2021\\\/03\\\/Copie-de-Coupeco.png\",\"width\":500,\"height\":500},{\"@type\":\"BreadcrumbList\",\"@id\":\"https:\\\/\\\/interco-international.com\\\/fr\\\/2021\\\/03\\\/17\\\/8eme-itw-laurent-rey-lescure-adjoint-au-delegue-europe-international-de-la-region-nouvelle-aquitaine\\\/#breadcrumb\",\"itemListElement\":[{\"@type\":\"ListItem\",\"position\":1,\"name\":\"Accueil\",\"item\":\"https:\\\/\\\/interco-international.com\\\/fr\\\/\"},{\"@type\":\"ListItem\",\"position\":2,\"name\":\"8\u00e8me ITW : Laurent Rey Lescure- Adjoint au D\u00e9l\u00e9gu\u00e9 Europe International de la R\u00e9gion Nouvelle-Aquitaine\"}]},{\"@type\":\"WebSite\",\"@id\":\"https:\\\/\\\/interco-international.com\\\/fr\\\/#website\",\"url\":\"https:\\\/\\\/interco-international.com\\\/fr\\\/\",\"name\":\"Interco | Premier site de mise en relation internationale\",\"description\":\"Agence de Coop\u00e9ration Internationale Nouvelle-Aquitaine\",\"potentialAction\":[{\"@type\":\"SearchAction\",\"target\":{\"@type\":\"EntryPoint\",\"urlTemplate\":\"https:\\\/\\\/interco-international.com\\\/fr\\\/?s={search_term_string}\"},\"query-input\":{\"@type\":\"PropertyValueSpecification\",\"valueRequired\":true,\"valueName\":\"search_term_string\"}}],\"inLanguage\":\"fr-FR\"},{\"@type\":\"Person\",\"@id\":\"https:\\\/\\\/interco-international.com\\\/fr\\\/#\\\/schema\\\/person\\\/6eb3ab527642af4db3cda7242da6207a\",\"name\":\"ana interco\",\"image\":{\"@type\":\"ImageObject\",\"inLanguage\":\"fr-FR\",\"@id\":\"https:\\\/\\\/secure.gravatar.com\\\/avatar\\\/b36cad9adac0f5a25df33446d7f6c34a567a48660ba100d67eedaeb0fe499ce3?s=96&d=mm&r=g\",\"url\":\"https:\\\/\\\/secure.gravatar.com\\\/avatar\\\/b36cad9adac0f5a25df33446d7f6c34a567a48660ba100d67eedaeb0fe499ce3?s=96&d=mm&r=g\",\"contentUrl\":\"https:\\\/\\\/secure.gravatar.com\\\/avatar\\\/b36cad9adac0f5a25df33446d7f6c34a567a48660ba100d67eedaeb0fe499ce3?s=96&d=mm&r=g\",\"caption\":\"ana interco\"},\"url\":\"https:\\\/\\\/interco-international.com\\\/fr\\\/author\\\/ana-merchaninterco-international-com\\\/\"}]}<\/script>\n<!-- \/ Yoast SEO plugin. -->","yoast_head_json":{"title":"8\u00e8me ITW : Laurent Rey Lescure- Adjoint au D\u00e9l\u00e9gu\u00e9 Europe International de la R\u00e9gion Nouvelle-Aquitaine - Interco | Premier site de mise en relation internationale","robots":{"index":"index","follow":"follow","max-snippet":"max-snippet:-1","max-image-preview":"max-image-preview:large","max-video-preview":"max-video-preview:-1"},"canonical":"https:\/\/interco-international.com\/fr\/2021\/03\/17\/8eme-itw-laurent-rey-lescure-adjoint-au-delegue-europe-international-de-la-region-nouvelle-aquitaine\/","og_locale":"fr_FR","og_type":"article","og_title":"8\u00e8me ITW : Laurent Rey Lescure- Adjoint au D\u00e9l\u00e9gu\u00e9 Europe International de la R\u00e9gion Nouvelle-Aquitaine - Interco | Premier site de mise en relation internationale","og_description":"\u00ab Br\u00e8ves Internationales \u00bb 8\u00e8me ITW : Laurent Rey Lescure- Adjoint au D\u00e9l\u00e9gu\u00e9 Europe International de la R\u00e9gion Nouvelle-Aquitaine Vid\u00e9o [&hellip;]","og_url":"https:\/\/interco-international.com\/fr\/2021\/03\/17\/8eme-itw-laurent-rey-lescure-adjoint-au-delegue-europe-international-de-la-region-nouvelle-aquitaine\/","og_site_name":"Interco | Premier site de mise en relation internationale","article_published_time":"2021-03-17T09:30:18+00:00","og_image":[{"width":500,"height":500,"url":"https:\/\/interco-international.com\/wp-content\/uploads\/2021\/03\/Copie-de-Coupeco.png","type":"image\/png"}],"author":"ana interco","twitter_card":"summary_large_image","twitter_misc":{"\u00c9crit par":"ana interco","Dur\u00e9e de lecture estim\u00e9e":"1 minute"},"schema":{"@context":"https:\/\/schema.org","@graph":[{"@type":"Article","@id":"https:\/\/interco-international.com\/fr\/2021\/03\/17\/8eme-itw-laurent-rey-lescure-adjoint-au-delegue-europe-international-de-la-region-nouvelle-aquitaine\/#article","isPartOf":{"@id":"https:\/\/interco-international.com\/fr\/2021\/03\/17\/8eme-itw-laurent-rey-lescure-adjoint-au-delegue-europe-international-de-la-region-nouvelle-aquitaine\/"},"author":{"name":"ana interco","@id":"https:\/\/interco-international.com\/fr\/#\/schema\/person\/6eb3ab527642af4db3cda7242da6207a"},"headline":"8\u00e8me ITW : Laurent Rey Lescure- Adjoint au D\u00e9l\u00e9gu\u00e9 Europe International de la R\u00e9gion Nouvelle-Aquitaine","datePublished":"2021-03-17T09:30:18+00:00","mainEntityOfPage":{"@id":"https:\/\/interco-international.com\/fr\/2021\/03\/17\/8eme-itw-laurent-rey-lescure-adjoint-au-delegue-europe-international-de-la-region-nouvelle-aquitaine\/"},"wordCount":131,"commentCount":0,"image":{"@id":"https:\/\/interco-international.com\/fr\/2021\/03\/17\/8eme-itw-laurent-rey-lescure-adjoint-au-delegue-europe-international-de-la-region-nouvelle-aquitaine\/#primaryimage"},"thumbnailUrl":"https:\/\/interco-international.com\/wp-content\/uploads\/2021\/03\/Copie-de-Coupeco.png","articleSection":["Actualit\u00e9"],"inLanguage":"fr-FR","potentialAction":[{"@type":"CommentAction","name":"Comment","target":["https:\/\/interco-international.com\/fr\/2021\/03\/17\/8eme-itw-laurent-rey-lescure-adjoint-au-delegue-europe-international-de-la-region-nouvelle-aquitaine\/#respond"]}]},{"@type":"WebPage","@id":"https:\/\/interco-international.com\/fr\/2021\/03\/17\/8eme-itw-laurent-rey-lescure-adjoint-au-delegue-europe-international-de-la-region-nouvelle-aquitaine\/","url":"https:\/\/interco-international.com\/fr\/2021\/03\/17\/8eme-itw-laurent-rey-lescure-adjoint-au-delegue-europe-international-de-la-region-nouvelle-aquitaine\/","name":"8\u00e8me ITW : Laurent Rey Lescure- Adjoint au D\u00e9l\u00e9gu\u00e9 Europe International de la R\u00e9gion Nouvelle-Aquitaine - Interco | Premier site de mise en relation internationale","isPartOf":{"@id":"https:\/\/interco-international.com\/fr\/#website"},"primaryImageOfPage":{"@id":"https:\/\/interco-international.com\/fr\/2021\/03\/17\/8eme-itw-laurent-rey-lescure-adjoint-au-delegue-europe-international-de-la-region-nouvelle-aquitaine\/#primaryimage"},"image":{"@id":"https:\/\/interco-international.com\/fr\/2021\/03\/17\/8eme-itw-laurent-rey-lescure-adjoint-au-delegue-europe-international-de-la-region-nouvelle-aquitaine\/#primaryimage"},"thumbnailUrl":"https:\/\/interco-international.com\/wp-content\/uploads\/2021\/03\/Copie-de-Coupeco.png","datePublished":"2021-03-17T09:30:18+00:00","author":{"@id":"https:\/\/interco-international.com\/fr\/#\/schema\/person\/6eb3ab527642af4db3cda7242da6207a"},"breadcrumb":{"@id":"https:\/\/interco-international.com\/fr\/2021\/03\/17\/8eme-itw-laurent-rey-lescure-adjoint-au-delegue-europe-international-de-la-region-nouvelle-aquitaine\/#breadcrumb"},"inLanguage":"fr-FR","potentialAction":[{"@type":"ReadAction","target":["https:\/\/interco-international.com\/fr\/2021\/03\/17\/8eme-itw-laurent-rey-lescure-adjoint-au-delegue-europe-international-de-la-region-nouvelle-aquitaine\/"]}]},{"@type":"ImageObject","inLanguage":"fr-FR","@id":"https:\/\/interco-international.com\/fr\/2021\/03\/17\/8eme-itw-laurent-rey-lescure-adjoint-au-delegue-europe-international-de-la-region-nouvelle-aquitaine\/#primaryimage","url":"https:\/\/interco-international.com\/wp-content\/uploads\/2021\/03\/Copie-de-Coupeco.png","contentUrl":"https:\/\/interco-international.com\/wp-content\/uploads\/2021\/03\/Copie-de-Coupeco.png","width":500,"height":500},{"@type":"BreadcrumbList","@id":"https:\/\/interco-international.com\/fr\/2021\/03\/17\/8eme-itw-laurent-rey-lescure-adjoint-au-delegue-europe-international-de-la-region-nouvelle-aquitaine\/#breadcrumb","itemListElement":[{"@type":"ListItem","position":1,"name":"Accueil","item":"https:\/\/interco-international.com\/fr\/"},{"@type":"ListItem","position":2,"name":"8\u00e8me ITW : Laurent Rey Lescure- Adjoint au D\u00e9l\u00e9gu\u00e9 Europe International de la R\u00e9gion Nouvelle-Aquitaine"}]},{"@type":"WebSite","@id":"https:\/\/interco-international.com\/fr\/#website","url":"https:\/\/interco-international.com\/fr\/","name":"Interco | Premier site de mise en relation internationale","description":"Agence de Coop\u00e9ration Internationale Nouvelle-Aquitaine","potentialAction":[{"@type":"SearchAction","target":{"@type":"EntryPoint","urlTemplate":"https:\/\/interco-international.com\/fr\/?s={search_term_string}"},"query-input":{"@type":"PropertyValueSpecification","valueRequired":true,"valueName":"search_term_string"}}],"inLanguage":"fr-FR"},{"@type":"Person","@id":"https:\/\/interco-international.com\/fr\/#\/schema\/person\/6eb3ab527642af4db3cda7242da6207a","name":"ana interco","image":{"@type":"ImageObject","inLanguage":"fr-FR","@id":"https:\/\/secure.gravatar.com\/avatar\/b36cad9adac0f5a25df33446d7f6c34a567a48660ba100d67eedaeb0fe499ce3?s=96&d=mm&r=g","url":"https:\/\/secure.gravatar.com\/avatar\/b36cad9adac0f5a25df33446d7f6c34a567a48660ba100d67eedaeb0fe499ce3?s=96&d=mm&r=g","contentUrl":"https:\/\/secure.gravatar.com\/avatar\/b36cad9adac0f5a25df33446d7f6c34a567a48660ba100d67eedaeb0fe499ce3?s=96&d=mm&r=g","caption":"ana interco"},"url":"https:\/\/interco-international.com\/fr\/author\/ana-merchaninterco-international-com\/"}]}},"_links":{"self":[{"href":"https:\/\/interco-international.com\/fr\/wp-json\/wp\/v2\/posts\/5963","targetHints":{"allow":["GET"]}}],"collection":[{"href":"https:\/\/interco-international.com\/fr\/wp-json\/wp\/v2\/posts"}],"about":[{"href":"https:\/\/interco-international.com\/fr\/wp-json\/wp\/v2\/types\/post"}],"author":[{"embeddable":true,"href":"https:\/\/interco-international.com\/fr\/wp-json\/wp\/v2\/users\/9"}],"replies":[{"embeddable":true,"href":"https:\/\/interco-international.com\/fr\/wp-json\/wp\/v2\/comments?post=5963"}],"version-history":[{"count":1,"href":"https:\/\/interco-international.com\/fr\/wp-json\/wp\/v2\/posts\/5963\/revisions"}],"predecessor-version":[{"id":5970,"href":"https:\/\/interco-international.com\/fr\/wp-json\/wp\/v2\/posts\/5963\/revisions\/5970"}],"wp:featuredmedia":[{"embeddable":true,"href":"https:\/\/interco-international.com\/fr\/wp-json\/wp\/v2\/media\/5967"}],"wp:attachment":[{"href":"https:\/\/interco-international.com\/fr\/wp-json\/wp\/v2\/media?parent=5963"}],"wp:term":[{"taxonomy":"category","embeddable":true,"href":"https:\/\/interco-international.com\/fr\/wp-json\/wp\/v2\/categories?post=5963"},{"taxonomy":"post_tag","embeddable":true,"href":"https:\/\/interco-international.com\/fr\/wp-json\/wp\/v2\/tags?post=5963"}],"curies":[{"name":"wp","href":"https:\/\/api.w.org\/{rel}","templated":true}]}}