{"id":5562,"date":"2020-10-07T17:17:31","date_gmt":"2020-10-07T15:17:31","guid":{"rendered":"https:\/\/interco-international.com\/?p=5562"},"modified":"2020-10-08T10:42:09","modified_gmt":"2020-10-08T08:42:09","slug":"retour-sur-le-webinaire-eurocastanea-7-10-20","status":"publish","type":"post","link":"https:\/\/interco-international.com\/fr\/2020\/10\/07\/retour-sur-le-webinaire-eurocastanea-7-10-20\/","title":{"rendered":"Retour sur le Webinaire Eurocastanea 7\/10\/20"},"content":{"rendered":"<p><img loading=\"lazy\" decoding=\"async\" class=\"aligncenter wp-image-5563 size-medium\" src=\"https:\/\/interco-international.com\/wp-content\/uploads\/2020\/10\/Capture-d\u2019e\u0301cran-2020-10-07-a\u0300-15.24.08-300x73.png\" alt=\"\" width=\"300\" height=\"73\" srcset=\"https:\/\/interco-international.com\/wp-content\/uploads\/2020\/10\/Capture-d\u2019e\u0301cran-2020-10-07-a\u0300-15.24.08-300x73.png 300w, https:\/\/interco-international.com\/wp-content\/uploads\/2020\/10\/Capture-d\u2019e\u0301cran-2020-10-07-a\u0300-15.24.08.png 491w\" sizes=\"(max-width: 300px) 100vw, 300px\" \/><\/p>\n<h2 style=\"text-align: center;\">Le <strong>webinaire Eurocastanea \u00ab\u00a0E\u0301changes sur les perspectives de re\u0301colte et de marche\u0301 en Europe, et impact de la crise sanitaire\u00a0\u00bb<\/strong> du Mercredi 7 Octobre a r\u00e9uni 65 participants originaires du Portugal, d&rsquo;Italie, d&rsquo;Espagne, d&rsquo;Autriche et bien s\u00fbr de la France.<\/h2>\n<h3 style=\"text-align: center;\">Nous vous livrons \u00e0 chaud quelques commentaires re\u00e7us de la part des participants:<\/h3>\n<p style=\"text-align: center;\">\u00ab\u00a0Thanks very much for the organization of this webinar. Thanks very much for your presentations and the conclusions. It was fantastic. The power of this \u201cpetit secteur\u201d is increasing and events like this one besides show our connection show also the dynamism of us and the interest of many people (around 70) about chestnut and helps us to grow. Regards <strong>Jos\u00e9 Laranjo, Professor Universidade de Tr\u00e1s-os-Montes e Alto Douro, Portuga<\/strong>l\u00a0\u00bb.<\/p>\n<p style=\"text-align: center;\">\u00ab\u00a0Many thanks to everybody for the perfect organization. We&rsquo;re receiving many enthusiastic comments from the Italian participants. Kind regards, <strong>Gabriele Loris Beccaro, Prof. University of Torino, Italie<\/strong>\u00ab\u00a0.<\/p>\n<p style=\"text-align: center;\">\u00ab\u00a0Many thanks for the opportunity to participate in the webinar. It was a great experience for me. Thanks to everyone who was involved in the organization. Greetings from <strong>Austria, Johannes Schantl, Unit\u00e9 experimentale Province de Styrie, Autriche<\/strong>\u00ab\u00a0.<\/p>\n<div><\/div>\n<div><\/div>\n<div><\/div>\n<h3 style=\"text-align: center;\">Quelques photos des coulisses du webinaire:<img loading=\"lazy\" decoding=\"async\" class=\"aligncenter wp-image-5581 \" src=\"https:\/\/interco-international.com\/wp-content\/uploads\/2020\/10\/2386e9e3-b9cc-43fa-a950-13e89b060747.jpg\" alt=\"\" width=\"606\" height=\"455\" srcset=\"https:\/\/interco-international.com\/wp-content\/uploads\/2020\/10\/2386e9e3-b9cc-43fa-a950-13e89b060747.jpg 1024w, https:\/\/interco-international.com\/wp-content\/uploads\/2020\/10\/2386e9e3-b9cc-43fa-a950-13e89b060747-300x225.jpg 300w, https:\/\/interco-international.com\/wp-content\/uploads\/2020\/10\/2386e9e3-b9cc-43fa-a950-13e89b060747-768x576.jpg 768w, https:\/\/interco-international.com\/wp-content\/uploads\/2020\/10\/2386e9e3-b9cc-43fa-a950-13e89b060747-510x382.jpg 510w\" sizes=\"(max-width: 606px) 100vw, 606px\" \/><img loading=\"lazy\" decoding=\"async\" class=\"aligncenter wp-image-5566 \" src=\"https:\/\/interco-international.com\/wp-content\/uploads\/2020\/10\/dc9c67ef-8d99-4058-99c1-da2df9bbdde6.jpg\" alt=\"\" width=\"608\" height=\"456\" srcset=\"https:\/\/interco-international.com\/wp-content\/uploads\/2020\/10\/dc9c67ef-8d99-4058-99c1-da2df9bbdde6.jpg 1600w, https:\/\/interco-international.com\/wp-content\/uploads\/2020\/10\/dc9c67ef-8d99-4058-99c1-da2df9bbdde6-300x225.jpg 300w, https:\/\/interco-international.com\/wp-content\/uploads\/2020\/10\/dc9c67ef-8d99-4058-99c1-da2df9bbdde6-1024x768.jpg 1024w, https:\/\/interco-international.com\/wp-content\/uploads\/2020\/10\/dc9c67ef-8d99-4058-99c1-da2df9bbdde6-768x576.jpg 768w, https:\/\/interco-international.com\/wp-content\/uploads\/2020\/10\/dc9c67ef-8d99-4058-99c1-da2df9bbdde6-1536x1152.jpg 1536w, https:\/\/interco-international.com\/wp-content\/uploads\/2020\/10\/dc9c67ef-8d99-4058-99c1-da2df9bbdde6-510x382.jpg 510w, https:\/\/interco-international.com\/wp-content\/uploads\/2020\/10\/dc9c67ef-8d99-4058-99c1-da2df9bbdde6-1080x810.jpg 1080w\" sizes=\"(max-width: 608px) 100vw, 608px\" \/><\/h3>\n","protected":false},"excerpt":{"rendered":"<p>Le webinaire Eurocastanea \u00ab\u00a0E\u0301changes sur les perspectives de re\u0301colte et de marche\u0301 en Europe, et impact de la crise sanitaire\u00a0\u00bb [&hellip;]<\/p>\n","protected":false},"author":9,"featured_media":5594,"comment_status":"open","ping_status":"open","sticky":false,"template":"","format":"standard","meta":{"_acf_changed":false,"_et_pb_use_builder":"","_et_pb_old_content":"","_et_gb_content_width":"","footnotes":""},"categories":[23],"tags":[],"class_list":["post-5562","post","type-post","status-publish","format-standard","has-post-thumbnail","hentry","category-actualite"],"acf":[],"yoast_head":"<!-- This site is optimized with the Yoast SEO plugin v27.4 - https:\/\/yoast.com\/product\/yoast-seo-wordpress\/ -->\n<title>Retour sur le Webinaire Eurocastanea 7\/10\/20 - Interco | Premier site de mise en relation internationale<\/title>\n<meta name=\"robots\" content=\"index, follow, max-snippet:-1, max-image-preview:large, max-video-preview:-1\" \/>\n<link rel=\"canonical\" href=\"https:\/\/interco-international.com\/fr\/2020\/10\/07\/retour-sur-le-webinaire-eurocastanea-7-10-20\/\" \/>\n<meta property=\"og:locale\" content=\"fr_FR\" \/>\n<meta property=\"og:type\" content=\"article\" \/>\n<meta property=\"og:title\" content=\"Retour sur le Webinaire Eurocastanea 7\/10\/20 - Interco | Premier site de mise en relation internationale\" \/>\n<meta property=\"og:description\" content=\"Le webinaire Eurocastanea \u00ab\u00a0E\u0301changes sur les perspectives de re\u0301colte et de marche\u0301 en Europe, et impact de la crise sanitaire\u00a0\u00bb [&hellip;]\" \/>\n<meta property=\"og:url\" content=\"https:\/\/interco-international.com\/fr\/2020\/10\/07\/retour-sur-le-webinaire-eurocastanea-7-10-20\/\" \/>\n<meta property=\"og:site_name\" content=\"Interco | Premier site de mise en relation internationale\" \/>\n<meta property=\"article:published_time\" content=\"2020-10-07T15:17:31+00:00\" \/>\n<meta property=\"article:modified_time\" content=\"2020-10-08T08:42:09+00:00\" \/>\n<meta property=\"og:image\" content=\"https:\/\/interco-international.com\/wp-content\/uploads\/2020\/10\/AREFLH-bandeau-\u00a9-AREFLH.jpg\" \/>\n\t<meta property=\"og:image:width\" content=\"860\" \/>\n\t<meta property=\"og:image:height\" content=\"300\" \/>\n\t<meta property=\"og:image:type\" content=\"image\/jpeg\" \/>\n<meta name=\"author\" content=\"ana interco\" \/>\n<meta name=\"twitter:card\" content=\"summary_large_image\" \/>\n<meta name=\"twitter:label1\" content=\"\u00c9crit par\" \/>\n\t<meta name=\"twitter:data1\" content=\"ana interco\" \/>\n\t<meta name=\"twitter:label2\" content=\"Dur\u00e9e de lecture estim\u00e9e\" \/>\n\t<meta name=\"twitter:data2\" content=\"1 minute\" \/>\n<script type=\"application\/ld+json\" class=\"yoast-schema-graph\">{\"@context\":\"https:\\\/\\\/schema.org\",\"@graph\":[{\"@type\":\"Article\",\"@id\":\"https:\\\/\\\/interco-international.com\\\/fr\\\/2020\\\/10\\\/07\\\/retour-sur-le-webinaire-eurocastanea-7-10-20\\\/#article\",\"isPartOf\":{\"@id\":\"https:\\\/\\\/interco-international.com\\\/fr\\\/2020\\\/10\\\/07\\\/retour-sur-le-webinaire-eurocastanea-7-10-20\\\/\"},\"author\":{\"name\":\"ana interco\",\"@id\":\"https:\\\/\\\/interco-international.com\\\/fr\\\/#\\\/schema\\\/person\\\/6eb3ab527642af4db3cda7242da6207a\"},\"headline\":\"Retour sur le Webinaire Eurocastanea 7\\\/10\\\/20\",\"datePublished\":\"2020-10-07T15:17:31+00:00\",\"dateModified\":\"2020-10-08T08:42:09+00:00\",\"mainEntityOfPage\":{\"@id\":\"https:\\\/\\\/interco-international.com\\\/fr\\\/2020\\\/10\\\/07\\\/retour-sur-le-webinaire-eurocastanea-7-10-20\\\/\"},\"wordCount\":200,\"commentCount\":0,\"image\":{\"@id\":\"https:\\\/\\\/interco-international.com\\\/fr\\\/2020\\\/10\\\/07\\\/retour-sur-le-webinaire-eurocastanea-7-10-20\\\/#primaryimage\"},\"thumbnailUrl\":\"https:\\\/\\\/interco-international.com\\\/wp-content\\\/uploads\\\/2020\\\/10\\\/AREFLH-bandeau-\u00a9-AREFLH.jpg\",\"articleSection\":[\"Actualit\u00e9\"],\"inLanguage\":\"fr-FR\",\"potentialAction\":[{\"@type\":\"CommentAction\",\"name\":\"Comment\",\"target\":[\"https:\\\/\\\/interco-international.com\\\/fr\\\/2020\\\/10\\\/07\\\/retour-sur-le-webinaire-eurocastanea-7-10-20\\\/#respond\"]}]},{\"@type\":\"WebPage\",\"@id\":\"https:\\\/\\\/interco-international.com\\\/fr\\\/2020\\\/10\\\/07\\\/retour-sur-le-webinaire-eurocastanea-7-10-20\\\/\",\"url\":\"https:\\\/\\\/interco-international.com\\\/fr\\\/2020\\\/10\\\/07\\\/retour-sur-le-webinaire-eurocastanea-7-10-20\\\/\",\"name\":\"Retour sur le Webinaire Eurocastanea 7\\\/10\\\/20 - Interco | Premier site de mise en relation internationale\",\"isPartOf\":{\"@id\":\"https:\\\/\\\/interco-international.com\\\/fr\\\/#website\"},\"primaryImageOfPage\":{\"@id\":\"https:\\\/\\\/interco-international.com\\\/fr\\\/2020\\\/10\\\/07\\\/retour-sur-le-webinaire-eurocastanea-7-10-20\\\/#primaryimage\"},\"image\":{\"@id\":\"https:\\\/\\\/interco-international.com\\\/fr\\\/2020\\\/10\\\/07\\\/retour-sur-le-webinaire-eurocastanea-7-10-20\\\/#primaryimage\"},\"thumbnailUrl\":\"https:\\\/\\\/interco-international.com\\\/wp-content\\\/uploads\\\/2020\\\/10\\\/AREFLH-bandeau-\u00a9-AREFLH.jpg\",\"datePublished\":\"2020-10-07T15:17:31+00:00\",\"dateModified\":\"2020-10-08T08:42:09+00:00\",\"author\":{\"@id\":\"https:\\\/\\\/interco-international.com\\\/fr\\\/#\\\/schema\\\/person\\\/6eb3ab527642af4db3cda7242da6207a\"},\"breadcrumb\":{\"@id\":\"https:\\\/\\\/interco-international.com\\\/fr\\\/2020\\\/10\\\/07\\\/retour-sur-le-webinaire-eurocastanea-7-10-20\\\/#breadcrumb\"},\"inLanguage\":\"fr-FR\",\"potentialAction\":[{\"@type\":\"ReadAction\",\"target\":[\"https:\\\/\\\/interco-international.com\\\/fr\\\/2020\\\/10\\\/07\\\/retour-sur-le-webinaire-eurocastanea-7-10-20\\\/\"]}]},{\"@type\":\"ImageObject\",\"inLanguage\":\"fr-FR\",\"@id\":\"https:\\\/\\\/interco-international.com\\\/fr\\\/2020\\\/10\\\/07\\\/retour-sur-le-webinaire-eurocastanea-7-10-20\\\/#primaryimage\",\"url\":\"https:\\\/\\\/interco-international.com\\\/wp-content\\\/uploads\\\/2020\\\/10\\\/AREFLH-bandeau-\u00a9-AREFLH.jpg\",\"contentUrl\":\"https:\\\/\\\/interco-international.com\\\/wp-content\\\/uploads\\\/2020\\\/10\\\/AREFLH-bandeau-\u00a9-AREFLH.jpg\",\"width\":860,\"height\":300},{\"@type\":\"BreadcrumbList\",\"@id\":\"https:\\\/\\\/interco-international.com\\\/fr\\\/2020\\\/10\\\/07\\\/retour-sur-le-webinaire-eurocastanea-7-10-20\\\/#breadcrumb\",\"itemListElement\":[{\"@type\":\"ListItem\",\"position\":1,\"name\":\"Accueil\",\"item\":\"https:\\\/\\\/interco-international.com\\\/fr\\\/\"},{\"@type\":\"ListItem\",\"position\":2,\"name\":\"Retour sur le Webinaire Eurocastanea 7\\\/10\\\/20\"}]},{\"@type\":\"WebSite\",\"@id\":\"https:\\\/\\\/interco-international.com\\\/fr\\\/#website\",\"url\":\"https:\\\/\\\/interco-international.com\\\/fr\\\/\",\"name\":\"Interco | Premier site de mise en relation internationale\",\"description\":\"Agence de Coop\u00e9ration Internationale Nouvelle-Aquitaine\",\"potentialAction\":[{\"@type\":\"SearchAction\",\"target\":{\"@type\":\"EntryPoint\",\"urlTemplate\":\"https:\\\/\\\/interco-international.com\\\/fr\\\/?s={search_term_string}\"},\"query-input\":{\"@type\":\"PropertyValueSpecification\",\"valueRequired\":true,\"valueName\":\"search_term_string\"}}],\"inLanguage\":\"fr-FR\"},{\"@type\":\"Person\",\"@id\":\"https:\\\/\\\/interco-international.com\\\/fr\\\/#\\\/schema\\\/person\\\/6eb3ab527642af4db3cda7242da6207a\",\"name\":\"ana interco\",\"image\":{\"@type\":\"ImageObject\",\"inLanguage\":\"fr-FR\",\"@id\":\"https:\\\/\\\/secure.gravatar.com\\\/avatar\\\/b36cad9adac0f5a25df33446d7f6c34a567a48660ba100d67eedaeb0fe499ce3?s=96&d=mm&r=g\",\"url\":\"https:\\\/\\\/secure.gravatar.com\\\/avatar\\\/b36cad9adac0f5a25df33446d7f6c34a567a48660ba100d67eedaeb0fe499ce3?s=96&d=mm&r=g\",\"contentUrl\":\"https:\\\/\\\/secure.gravatar.com\\\/avatar\\\/b36cad9adac0f5a25df33446d7f6c34a567a48660ba100d67eedaeb0fe499ce3?s=96&d=mm&r=g\",\"caption\":\"ana interco\"},\"url\":\"https:\\\/\\\/interco-international.com\\\/fr\\\/author\\\/ana-merchaninterco-international-com\\\/\"}]}<\/script>\n<!-- \/ Yoast SEO plugin. -->","yoast_head_json":{"title":"Retour sur le Webinaire Eurocastanea 7\/10\/20 - Interco | Premier site de mise en relation internationale","robots":{"index":"index","follow":"follow","max-snippet":"max-snippet:-1","max-image-preview":"max-image-preview:large","max-video-preview":"max-video-preview:-1"},"canonical":"https:\/\/interco-international.com\/fr\/2020\/10\/07\/retour-sur-le-webinaire-eurocastanea-7-10-20\/","og_locale":"fr_FR","og_type":"article","og_title":"Retour sur le Webinaire Eurocastanea 7\/10\/20 - Interco | Premier site de mise en relation internationale","og_description":"Le webinaire Eurocastanea \u00ab\u00a0E\u0301changes sur les perspectives de re\u0301colte et de marche\u0301 en Europe, et impact de la crise sanitaire\u00a0\u00bb [&hellip;]","og_url":"https:\/\/interco-international.com\/fr\/2020\/10\/07\/retour-sur-le-webinaire-eurocastanea-7-10-20\/","og_site_name":"Interco | Premier site de mise en relation internationale","article_published_time":"2020-10-07T15:17:31+00:00","article_modified_time":"2020-10-08T08:42:09+00:00","og_image":[{"width":860,"height":300,"url":"https:\/\/interco-international.com\/wp-content\/uploads\/2020\/10\/AREFLH-bandeau-\u00a9-AREFLH.jpg","type":"image\/jpeg"}],"author":"ana interco","twitter_card":"summary_large_image","twitter_misc":{"\u00c9crit par":"ana interco","Dur\u00e9e de lecture estim\u00e9e":"1 minute"},"schema":{"@context":"https:\/\/schema.org","@graph":[{"@type":"Article","@id":"https:\/\/interco-international.com\/fr\/2020\/10\/07\/retour-sur-le-webinaire-eurocastanea-7-10-20\/#article","isPartOf":{"@id":"https:\/\/interco-international.com\/fr\/2020\/10\/07\/retour-sur-le-webinaire-eurocastanea-7-10-20\/"},"author":{"name":"ana interco","@id":"https:\/\/interco-international.com\/fr\/#\/schema\/person\/6eb3ab527642af4db3cda7242da6207a"},"headline":"Retour sur le Webinaire Eurocastanea 7\/10\/20","datePublished":"2020-10-07T15:17:31+00:00","dateModified":"2020-10-08T08:42:09+00:00","mainEntityOfPage":{"@id":"https:\/\/interco-international.com\/fr\/2020\/10\/07\/retour-sur-le-webinaire-eurocastanea-7-10-20\/"},"wordCount":200,"commentCount":0,"image":{"@id":"https:\/\/interco-international.com\/fr\/2020\/10\/07\/retour-sur-le-webinaire-eurocastanea-7-10-20\/#primaryimage"},"thumbnailUrl":"https:\/\/interco-international.com\/wp-content\/uploads\/2020\/10\/AREFLH-bandeau-\u00a9-AREFLH.jpg","articleSection":["Actualit\u00e9"],"inLanguage":"fr-FR","potentialAction":[{"@type":"CommentAction","name":"Comment","target":["https:\/\/interco-international.com\/fr\/2020\/10\/07\/retour-sur-le-webinaire-eurocastanea-7-10-20\/#respond"]}]},{"@type":"WebPage","@id":"https:\/\/interco-international.com\/fr\/2020\/10\/07\/retour-sur-le-webinaire-eurocastanea-7-10-20\/","url":"https:\/\/interco-international.com\/fr\/2020\/10\/07\/retour-sur-le-webinaire-eurocastanea-7-10-20\/","name":"Retour sur le Webinaire Eurocastanea 7\/10\/20 - Interco | Premier site de mise en relation internationale","isPartOf":{"@id":"https:\/\/interco-international.com\/fr\/#website"},"primaryImageOfPage":{"@id":"https:\/\/interco-international.com\/fr\/2020\/10\/07\/retour-sur-le-webinaire-eurocastanea-7-10-20\/#primaryimage"},"image":{"@id":"https:\/\/interco-international.com\/fr\/2020\/10\/07\/retour-sur-le-webinaire-eurocastanea-7-10-20\/#primaryimage"},"thumbnailUrl":"https:\/\/interco-international.com\/wp-content\/uploads\/2020\/10\/AREFLH-bandeau-\u00a9-AREFLH.jpg","datePublished":"2020-10-07T15:17:31+00:00","dateModified":"2020-10-08T08:42:09+00:00","author":{"@id":"https:\/\/interco-international.com\/fr\/#\/schema\/person\/6eb3ab527642af4db3cda7242da6207a"},"breadcrumb":{"@id":"https:\/\/interco-international.com\/fr\/2020\/10\/07\/retour-sur-le-webinaire-eurocastanea-7-10-20\/#breadcrumb"},"inLanguage":"fr-FR","potentialAction":[{"@type":"ReadAction","target":["https:\/\/interco-international.com\/fr\/2020\/10\/07\/retour-sur-le-webinaire-eurocastanea-7-10-20\/"]}]},{"@type":"ImageObject","inLanguage":"fr-FR","@id":"https:\/\/interco-international.com\/fr\/2020\/10\/07\/retour-sur-le-webinaire-eurocastanea-7-10-20\/#primaryimage","url":"https:\/\/interco-international.com\/wp-content\/uploads\/2020\/10\/AREFLH-bandeau-\u00a9-AREFLH.jpg","contentUrl":"https:\/\/interco-international.com\/wp-content\/uploads\/2020\/10\/AREFLH-bandeau-\u00a9-AREFLH.jpg","width":860,"height":300},{"@type":"BreadcrumbList","@id":"https:\/\/interco-international.com\/fr\/2020\/10\/07\/retour-sur-le-webinaire-eurocastanea-7-10-20\/#breadcrumb","itemListElement":[{"@type":"ListItem","position":1,"name":"Accueil","item":"https:\/\/interco-international.com\/fr\/"},{"@type":"ListItem","position":2,"name":"Retour sur le Webinaire Eurocastanea 7\/10\/20"}]},{"@type":"WebSite","@id":"https:\/\/interco-international.com\/fr\/#website","url":"https:\/\/interco-international.com\/fr\/","name":"Interco | Premier site de mise en relation internationale","description":"Agence de Coop\u00e9ration Internationale Nouvelle-Aquitaine","potentialAction":[{"@type":"SearchAction","target":{"@type":"EntryPoint","urlTemplate":"https:\/\/interco-international.com\/fr\/?s={search_term_string}"},"query-input":{"@type":"PropertyValueSpecification","valueRequired":true,"valueName":"search_term_string"}}],"inLanguage":"fr-FR"},{"@type":"Person","@id":"https:\/\/interco-international.com\/fr\/#\/schema\/person\/6eb3ab527642af4db3cda7242da6207a","name":"ana interco","image":{"@type":"ImageObject","inLanguage":"fr-FR","@id":"https:\/\/secure.gravatar.com\/avatar\/b36cad9adac0f5a25df33446d7f6c34a567a48660ba100d67eedaeb0fe499ce3?s=96&d=mm&r=g","url":"https:\/\/secure.gravatar.com\/avatar\/b36cad9adac0f5a25df33446d7f6c34a567a48660ba100d67eedaeb0fe499ce3?s=96&d=mm&r=g","contentUrl":"https:\/\/secure.gravatar.com\/avatar\/b36cad9adac0f5a25df33446d7f6c34a567a48660ba100d67eedaeb0fe499ce3?s=96&d=mm&r=g","caption":"ana interco"},"url":"https:\/\/interco-international.com\/fr\/author\/ana-merchaninterco-international-com\/"}]}},"_links":{"self":[{"href":"https:\/\/interco-international.com\/fr\/wp-json\/wp\/v2\/posts\/5562","targetHints":{"allow":["GET"]}}],"collection":[{"href":"https:\/\/interco-international.com\/fr\/wp-json\/wp\/v2\/posts"}],"about":[{"href":"https:\/\/interco-international.com\/fr\/wp-json\/wp\/v2\/types\/post"}],"author":[{"embeddable":true,"href":"https:\/\/interco-international.com\/fr\/wp-json\/wp\/v2\/users\/9"}],"replies":[{"embeddable":true,"href":"https:\/\/interco-international.com\/fr\/wp-json\/wp\/v2\/comments?post=5562"}],"version-history":[{"count":10,"href":"https:\/\/interco-international.com\/fr\/wp-json\/wp\/v2\/posts\/5562\/revisions"}],"predecessor-version":[{"id":5607,"href":"https:\/\/interco-international.com\/fr\/wp-json\/wp\/v2\/posts\/5562\/revisions\/5607"}],"wp:featuredmedia":[{"embeddable":true,"href":"https:\/\/interco-international.com\/fr\/wp-json\/wp\/v2\/media\/5594"}],"wp:attachment":[{"href":"https:\/\/interco-international.com\/fr\/wp-json\/wp\/v2\/media?parent=5562"}],"wp:term":[{"taxonomy":"category","embeddable":true,"href":"https:\/\/interco-international.com\/fr\/wp-json\/wp\/v2\/categories?post=5562"},{"taxonomy":"post_tag","embeddable":true,"href":"https:\/\/interco-international.com\/fr\/wp-json\/wp\/v2\/tags?post=5562"}],"curies":[{"name":"wp","href":"https:\/\/api.w.org\/{rel}","templated":true}]}}