{"id":4136,"date":"2020-06-30T10:50:00","date_gmt":"2020-06-30T08:50:00","guid":{"rendered":"https:\/\/interco-international.com\/?p=4136"},"modified":"2020-07-08T10:45:14","modified_gmt":"2020-07-08T08:45:14","slug":"focus-international-de-la-semaine-de-lagriculture-webinaire-anime-par-interco-nouvelle-aquitaine","status":"publish","type":"post","link":"https:\/\/interco-international.com\/fr\/2020\/06\/30\/focus-international-de-la-semaine-de-lagriculture-webinaire-anime-par-interco-nouvelle-aquitaine\/","title":{"rendered":"Focus international de la Semaine de l\u2019Agriculture &#038; Webinaire anim\u00e9 par Interco Nouvelle-Aquitaine"},"content":{"rendered":"<h2 style=\"text-align: center;\">Focus international de la Semaine de l\u2019Agriculture & Aquitanima Tours<\/h2>\n<p style=\"text-align: center;\">Retour sur une semaine internationale avec des interviews d\u2019\u00e9leveurs espagnols qui nous partagent leurs situation pendant la Covid-19 et leurs solutions mises en place.<\/p>\n<p style=\"text-align: center;\">Webinaire anim\u00e9 par Interco Nouvelle-Aquitaine avec des enseignants et des \u00e9tudiants de l\u2019Universit\u00e9 de Bordeaux Sciences Agro, Gembloux Agro-Bio Tech et du Conservatoire des Races d\u2019Aquitaine.<\/p>\n<div class=\"text_exposed_show\">\n<p>Pour visionner la vid\u00e9o dans son int\u00e9gralit\u00e9:<span style=\"color: #0000ff;\"> <a style=\"color: #0000ff;\" href=\"https:\/\/agriweb.tv\/amy_movie\/en-bref-focus-international-de-la-semaine-de-lagriculture\/?fbclid=IwAR3mBgZqYJMyFftEizMHKYzcxmLYZgiWxxd4-OKVi44rrMLAlsKARp8eWcQ\">AgriWeb.tv<\/a><\/span><\/p>\n<p>Cha\u00eene Youtube:<span style=\"color: #0000ff;\"> <a style=\"color: #0000ff;\" href=\"https:\/\/www.youtube.com\/channel\/UC1UQzkg_x6s0qbotbOsKfXg\">INTERCO Nouvelle-Aquitaine<\/a><\/span><\/p>\n<div style=\"width: 640px;\" class=\"wp-video\"><!--[if lt IE 9]><script>document.createElement('video');<\/script><![endif]-->\n<video class=\"wp-video-shortcode\" id=\"video-4136-1\" width=\"640\" height=\"360\" preload=\"metadata\" controls=\"controls\"><source type=\"video\/mp4\" src=\"https:\/\/interco-international.com\/wp-content\/uploads\/2020\/06\/Interco-Webinaire-SANA-2020.mp4?_=1\" \/><a href=\"https:\/\/interco-international.com\/wp-content\/uploads\/2020\/06\/Interco-Webinaire-SANA-2020.mp4\">https:\/\/interco-international.com\/wp-content\/uploads\/2020\/06\/Interco-Webinaire-SANA-2020.mp4<\/a><\/video><\/div>\n<p><span style=\"color: #0000ff;\"><a class=\"profileLink\" style=\"color: #0000ff;\" href=\"https:\/\/www.facebook.com\/nouvelleaquitaine\/?__tn__=K-R&eid=ARCKhtNgPx9ob_-rvFBfaeE2RgFBbKg8Mnl3-ULphY818tjcO4ZsJPAtl5KbAc5SemHotR8nsnXAnXMH&fref=mentions&__xts__%5B0%5D=68.ARAVLCb5WS3LNoZzYMK6pCyuRghkvL7XOKFH5CCRbcms_y8hNr2Yi63ZCJXyOIIqF6Td-Dw7l_ct96gLLYOK3ot_7YESowpw-6DM07XHYkeqaxe8m8MQDtJv_8uTHAdUSfuspyyR2ny5bDgUpGMC7c0Sa8E30aWe4xKNdv7ChR67GnMyxlJqUS0VsCPvmuTCGzAvA3C1j5biNA9Ij_RLx38AT9-hEQqHK5ijHuRpgxHDz3HoZEjsuhWwihWSgx93H60IfjGeXo7QZAwLYxnFhtDJOyfBM2-eTtZkVHLBLQfzqcF8uNV1GaY4UcmI8hVcfHFIeZFhPa2rnqA\" data-hovercard=\"\/ajax\/hovercard\/page.php?id=1731162750449819&extragetparams=%7B%22__tn__%22%3A%22%2CdK-R-R%22%2C%22eid%22%3A%22ARCKhtNgPx9ob_-rvFBfaeE2RgFBbKg8Mnl3-ULphY818tjcO4ZsJPAtl5KbAc5SemHotR8nsnXAnXMH%22%2C%22fref%22%3A%22mentions%22%7D\" data-hovercard-prefer-more-content-show=\"1\">R\u00e9gion Nouvelle-Aquitaine<\/a><\/span><br \/>\n<span style=\"color: #0000ff;\"><a class=\"profileLink\" style=\"color: #0000ff;\" href=\"https:\/\/www.facebook.com\/SalondelagricultureNouvelleAquitaine\/?__tn__=K-R&eid=ARATSLaIfswPJYH6wYVsx5SRaavwGMfPeHd_qrw76_53znpg6IkHhK3lXgglo40-KrPNty1MAKFXVGMk&fref=mentions&__xts__%5B0%5D=68.ARAVLCb5WS3LNoZzYMK6pCyuRghkvL7XOKFH5CCRbcms_y8hNr2Yi63ZCJXyOIIqF6Td-Dw7l_ct96gLLYOK3ot_7YESowpw-6DM07XHYkeqaxe8m8MQDtJv_8uTHAdUSfuspyyR2ny5bDgUpGMC7c0Sa8E30aWe4xKNdv7ChR67GnMyxlJqUS0VsCPvmuTCGzAvA3C1j5biNA9Ij_RLx38AT9-hEQqHK5ijHuRpgxHDz3HoZEjsuhWwihWSgx93H60IfjGeXo7QZAwLYxnFhtDJOyfBM2-eTtZkVHLBLQfzqcF8uNV1GaY4UcmI8hVcfHFIeZFhPa2rnqA\" data-hovercard=\"\/ajax\/hovercard\/page.php?id=208198109204064&extragetparams=%7B%22__tn__%22%3A%22%2CdK-R-R%22%2C%22eid%22%3A%22ARATSLaIfswPJYH6wYVsx5SRaavwGMfPeHd_qrw76_53znpg6IkHhK3lXgglo40-KrPNty1MAKFXVGMk%22%2C%22fref%22%3A%22mentions%22%7D\" data-hovercard-prefer-more-content-show=\"1\">Salon de l&rsquo;Agriculture Nouvelle-Aquitaine<\/a><\/span><br \/>\n<span style=\"color: #0000ff;\"><a class=\"profileLink\" style=\"color: #0000ff;\" href=\"https:\/\/www.facebook.com\/agriwebtv\/?__tn__=K-R&eid=ARANohInOLUIRbOpHsRVF6_TYQE_gRadV4sRGWD65MqD-Jtk3t1HZtTyHu-tJpwX2QOxLzgaosJTSAVq&fref=mentions&__xts__%5B0%5D=68.ARAVLCb5WS3LNoZzYMK6pCyuRghkvL7XOKFH5CCRbcms_y8hNr2Yi63ZCJXyOIIqF6Td-Dw7l_ct96gLLYOK3ot_7YESowpw-6DM07XHYkeqaxe8m8MQDtJv_8uTHAdUSfuspyyR2ny5bDgUpGMC7c0Sa8E30aWe4xKNdv7ChR67GnMyxlJqUS0VsCPvmuTCGzAvA3C1j5biNA9Ij_RLx38AT9-hEQqHK5ijHuRpgxHDz3HoZEjsuhWwihWSgx93H60IfjGeXo7QZAwLYxnFhtDJOyfBM2-eTtZkVHLBLQfzqcF8uNV1GaY4UcmI8hVcfHFIeZFhPa2rnqA\" data-hovercard=\"\/ajax\/hovercard\/page.php?id=2257979021184787&extragetparams=%7B%22__tn__%22%3A%22%2CdK-R-R%22%2C%22eid%22%3A%22ARANohInOLUIRbOpHsRVF6_TYQE_gRadV4sRGWD65MqD-Jtk3t1HZtTyHu-tJpwX2QOxLzgaosJTSAVq%22%2C%22fref%22%3A%22mentions%22%7D\" data-hovercard-prefer-more-content-show=\"1\">Agriwebtv<\/a><\/span><br \/>\n<span style=\"color: #0000ff;\"><a class=\"profileLink\" style=\"color: #0000ff;\" href=\"https:\/\/www.facebook.com\/vacunodeelite\/?__tn__=K-R&eid=ARBMrFfCgzDRE5IHyU968P1hTmm5442m6ivSgss2emoEvPv8l_TFA-b-pDiIzXFb9xbj8bpt2gNvHleJ&fref=mentions&__xts__%5B0%5D=68.ARAVLCb5WS3LNoZzYMK6pCyuRghkvL7XOKFH5CCRbcms_y8hNr2Yi63ZCJXyOIIqF6Td-Dw7l_ct96gLLYOK3ot_7YESowpw-6DM07XHYkeqaxe8m8MQDtJv_8uTHAdUSfuspyyR2ny5bDgUpGMC7c0Sa8E30aWe4xKNdv7ChR67GnMyxlJqUS0VsCPvmuTCGzAvA3C1j5biNA9Ij_RLx38AT9-hEQqHK5ijHuRpgxHDz3HoZEjsuhWwihWSgx93H60IfjGeXo7QZAwLYxnFhtDJOyfBM2-eTtZkVHLBLQfzqcF8uNV1GaY4UcmI8hVcfHFIeZFhPa2rnqA\" data-hovercard=\"\/ajax\/hovercard\/page.php?id=1598796910392969&extragetparams=%7B%22__tn__%22%3A%22%2CdK-R-R%22%2C%22eid%22%3A%22ARBMrFfCgzDRE5IHyU968P1hTmm5442m6ivSgss2emoEvPv8l_TFA-b-pDiIzXFb9xbj8bpt2gNvHleJ%22%2C%22fref%22%3A%22mentions%22%7D\" data-hovercard-prefer-more-content-show=\"1\">Vacuno de \u00c9lite<\/a><\/span><br \/>\n<span style=\"color: #0000ff;\"><a class=\"profileLink\" style=\"color: #0000ff;\" href=\"https:\/\/www.facebook.com\/AgroBordeaux\/?__tn__=K-R&eid=ARAW3hZ4B4kT-YOMBAnfWQfBtjaHe63OtV3UIZMgLCG7LEymo3uOcHmG3lKqW2bUooHC-vxImCcgQGJt&fref=mentions&__xts__%5B0%5D=68.ARAVLCb5WS3LNoZzYMK6pCyuRghkvL7XOKFH5CCRbcms_y8hNr2Yi63ZCJXyOIIqF6Td-Dw7l_ct96gLLYOK3ot_7YESowpw-6DM07XHYkeqaxe8m8MQDtJv_8uTHAdUSfuspyyR2ny5bDgUpGMC7c0Sa8E30aWe4xKNdv7ChR67GnMyxlJqUS0VsCPvmuTCGzAvA3C1j5biNA9Ij_RLx38AT9-hEQqHK5ijHuRpgxHDz3HoZEjsuhWwihWSgx93H60IfjGeXo7QZAwLYxnFhtDJOyfBM2-eTtZkVHLBLQfzqcF8uNV1GaY4UcmI8hVcfHFIeZFhPa2rnqA\" data-hovercard=\"\/ajax\/hovercard\/page.php?id=178661938909117&extragetparams=%7B%22__tn__%22%3A%22%2CdK-R-R%22%2C%22eid%22%3A%22ARAW3hZ4B4kT-YOMBAnfWQfBtjaHe63OtV3UIZMgLCG7LEymo3uOcHmG3lKqW2bUooHC-vxImCcgQGJt%22%2C%22fref%22%3A%22mentions%22%7D\" data-hovercard-prefer-more-content-show=\"1\">Bordeaux Sciences Agro (Officiel)<\/a><\/span><br \/>\n<span style=\"color: #0000ff;\"><a class=\"profileLink\" style=\"color: #0000ff;\" href=\"https:\/\/www.facebook.com\/agrobiotech\/?__tn__=K-R&eid=ARCp7pfDy9sxq3Vb8FZMTjxR0lLzgIOImJ_X2RLw4Qj3vqsvLkqMkd359Rf7cKrqJRNvVC5HI2sk3Iiu&fref=mentions&__xts__%5B0%5D=68.ARAVLCb5WS3LNoZzYMK6pCyuRghkvL7XOKFH5CCRbcms_y8hNr2Yi63ZCJXyOIIqF6Td-Dw7l_ct96gLLYOK3ot_7YESowpw-6DM07XHYkeqaxe8m8MQDtJv_8uTHAdUSfuspyyR2ny5bDgUpGMC7c0Sa8E30aWe4xKNdv7ChR67GnMyxlJqUS0VsCPvmuTCGzAvA3C1j5biNA9Ij_RLx38AT9-hEQqHK5ijHuRpgxHDz3HoZEjsuhWwihWSgx93H60IfjGeXo7QZAwLYxnFhtDJOyfBM2-eTtZkVHLBLQfzqcF8uNV1GaY4UcmI8hVcfHFIeZFhPa2rnqA\" data-hovercard=\"\/ajax\/hovercard\/page.php?id=127843763923158&extragetparams=%7B%22__tn__%22%3A%22%2CdK-R-R%22%2C%22eid%22%3A%22ARCp7pfDy9sxq3Vb8FZMTjxR0lLzgIOImJ_X2RLw4Qj3vqsvLkqMkd359Rf7cKrqJRNvVC5HI2sk3Iiu%22%2C%22fref%22%3A%22mentions%22%7D\" data-hovercard-prefer-more-content-show=\"1\">Gembloux Agro-Bio Tech<\/a><\/span><br \/>\n<span style=\"color: #0000ff;\"><a class=\"profileLink\" style=\"color: #0000ff;\" href=\"https:\/\/www.facebook.com\/racesaquitaine\/?__tn__=K-R&eid=ARB_gZ7wwxeWdTfmvQPWTrjIOGwNXM61ImErHqF-M0ep6cbEwM19cA3SH44ueWfUDluaLaNLU_Ry1kY-&fref=mentions&__xts__%5B0%5D=68.ARAVLCb5WS3LNoZzYMK6pCyuRghkvL7XOKFH5CCRbcms_y8hNr2Yi63ZCJXyOIIqF6Td-Dw7l_ct96gLLYOK3ot_7YESowpw-6DM07XHYkeqaxe8m8MQDtJv_8uTHAdUSfuspyyR2ny5bDgUpGMC7c0Sa8E30aWe4xKNdv7ChR67GnMyxlJqUS0VsCPvmuTCGzAvA3C1j5biNA9Ij_RLx38AT9-hEQqHK5ijHuRpgxHDz3HoZEjsuhWwihWSgx93H60IfjGeXo7QZAwLYxnFhtDJOyfBM2-eTtZkVHLBLQfzqcF8uNV1GaY4UcmI8hVcfHFIeZFhPa2rnqA\" data-hovercard=\"\/ajax\/hovercard\/page.php?id=132342756821650&extragetparams=%7B%22__tn__%22%3A%22%2CdK-R-R%22%2C%22eid%22%3A%22ARB_gZ7wwxeWdTfmvQPWTrjIOGwNXM61ImErHqF-M0ep6cbEwM19cA3SH44ueWfUDluaLaNLU_Ry1kY-%22%2C%22fref%22%3A%22mentions%22%7D\" data-hovercard-prefer-more-content-show=\"1\">Conservatoire des Races d&rsquo;Aquitaine<\/a><\/span><\/p>\n<\/div>\n","protected":false},"excerpt":{"rendered":"<p>Focus international de la Semaine de l\u2019Agriculture &#038; Aquitanima Tours Retour sur une semaine internationale avec des interviews d\u2019\u00e9leveurs espagnols [&hellip;]<\/p>\n","protected":false},"author":6,"featured_media":4132,"comment_status":"open","ping_status":"open","sticky":false,"template":"","format":"standard","meta":{"_acf_changed":false,"_et_pb_use_builder":"","_et_pb_old_content":"","_et_gb_content_width":"","footnotes":""},"categories":[23],"tags":[],"class_list":["post-4136","post","type-post","status-publish","format-standard","has-post-thumbnail","hentry","category-actualite"],"acf":[],"yoast_head":"<!-- This site is optimized with the Yoast SEO plugin v27.4 - https:\/\/yoast.com\/product\/yoast-seo-wordpress\/ -->\n<title>Focus international de la Semaine de l\u2019Agriculture &amp; Webinaire anim\u00e9 par Interco Nouvelle-Aquitaine - Interco | Premier site de mise en relation internationale<\/title>\n<meta name=\"robots\" content=\"index, follow, max-snippet:-1, max-image-preview:large, max-video-preview:-1\" \/>\n<link rel=\"canonical\" href=\"https:\/\/interco-international.com\/fr\/2020\/06\/30\/focus-international-de-la-semaine-de-lagriculture-webinaire-anime-par-interco-nouvelle-aquitaine\/\" \/>\n<meta property=\"og:locale\" content=\"fr_FR\" \/>\n<meta property=\"og:type\" content=\"article\" \/>\n<meta property=\"og:title\" content=\"Focus international de la Semaine de l\u2019Agriculture &amp; Webinaire anim\u00e9 par Interco Nouvelle-Aquitaine - Interco | Premier site de mise en relation internationale\" \/>\n<meta property=\"og:description\" content=\"Focus international de la Semaine de l\u2019Agriculture &amp; Aquitanima Tours Retour sur une semaine internationale avec des interviews d\u2019\u00e9leveurs espagnols [&hellip;]\" \/>\n<meta property=\"og:url\" content=\"https:\/\/interco-international.com\/fr\/2020\/06\/30\/focus-international-de-la-semaine-de-lagriculture-webinaire-anime-par-interco-nouvelle-aquitaine\/\" \/>\n<meta property=\"og:site_name\" content=\"Interco | Premier site de mise en relation internationale\" \/>\n<meta property=\"article:published_time\" content=\"2020-06-30T08:50:00+00:00\" \/>\n<meta property=\"article:modified_time\" content=\"2020-07-08T08:45:14+00:00\" \/>\n<meta property=\"og:image\" content=\"https:\/\/interco-international.com\/wp-content\/uploads\/2020\/06\/Intro.jpg\" \/>\n\t<meta property=\"og:image:width\" content=\"500\" \/>\n\t<meta property=\"og:image:height\" content=\"500\" \/>\n\t<meta property=\"og:image:type\" content=\"image\/jpeg\" \/>\n<meta name=\"author\" content=\"V\u00e9ronique interco\" \/>\n<meta name=\"twitter:card\" content=\"summary_large_image\" \/>\n<meta name=\"twitter:label1\" content=\"\u00c9crit par\" \/>\n\t<meta name=\"twitter:data1\" content=\"V\u00e9ronique interco\" \/>\n\t<meta name=\"twitter:label2\" content=\"Dur\u00e9e de lecture estim\u00e9e\" \/>\n\t<meta name=\"twitter:data2\" content=\"1 minute\" \/>\n<script type=\"application\/ld+json\" class=\"yoast-schema-graph\">{\"@context\":\"https:\\\/\\\/schema.org\",\"@graph\":[{\"@type\":\"Article\",\"@id\":\"https:\\\/\\\/interco-international.com\\\/fr\\\/2020\\\/06\\\/30\\\/focus-international-de-la-semaine-de-lagriculture-webinaire-anime-par-interco-nouvelle-aquitaine\\\/#article\",\"isPartOf\":{\"@id\":\"https:\\\/\\\/interco-international.com\\\/fr\\\/2020\\\/06\\\/30\\\/focus-international-de-la-semaine-de-lagriculture-webinaire-anime-par-interco-nouvelle-aquitaine\\\/\"},\"author\":{\"name\":\"V\u00e9ronique interco\",\"@id\":\"https:\\\/\\\/interco-international.com\\\/fr\\\/#\\\/schema\\\/person\\\/e72dae511d9f77c9f10469370e61958a\"},\"headline\":\"Focus international de la Semaine de l\u2019Agriculture &#038; Webinaire anim\u00e9 par Interco Nouvelle-Aquitaine\",\"datePublished\":\"2020-06-30T08:50:00+00:00\",\"dateModified\":\"2020-07-08T08:45:14+00:00\",\"mainEntityOfPage\":{\"@id\":\"https:\\\/\\\/interco-international.com\\\/fr\\\/2020\\\/06\\\/30\\\/focus-international-de-la-semaine-de-lagriculture-webinaire-anime-par-interco-nouvelle-aquitaine\\\/\"},\"wordCount\":127,\"commentCount\":0,\"image\":{\"@id\":\"https:\\\/\\\/interco-international.com\\\/fr\\\/2020\\\/06\\\/30\\\/focus-international-de-la-semaine-de-lagriculture-webinaire-anime-par-interco-nouvelle-aquitaine\\\/#primaryimage\"},\"thumbnailUrl\":\"https:\\\/\\\/interco-international.com\\\/wp-content\\\/uploads\\\/2020\\\/06\\\/Intro.jpg\",\"articleSection\":[\"Actualit\u00e9\"],\"inLanguage\":\"fr-FR\",\"potentialAction\":[{\"@type\":\"CommentAction\",\"name\":\"Comment\",\"target\":[\"https:\\\/\\\/interco-international.com\\\/fr\\\/2020\\\/06\\\/30\\\/focus-international-de-la-semaine-de-lagriculture-webinaire-anime-par-interco-nouvelle-aquitaine\\\/#respond\"]}]},{\"@type\":\"WebPage\",\"@id\":\"https:\\\/\\\/interco-international.com\\\/fr\\\/2020\\\/06\\\/30\\\/focus-international-de-la-semaine-de-lagriculture-webinaire-anime-par-interco-nouvelle-aquitaine\\\/\",\"url\":\"https:\\\/\\\/interco-international.com\\\/fr\\\/2020\\\/06\\\/30\\\/focus-international-de-la-semaine-de-lagriculture-webinaire-anime-par-interco-nouvelle-aquitaine\\\/\",\"name\":\"Focus international de la Semaine de l\u2019Agriculture & Webinaire anim\u00e9 par Interco Nouvelle-Aquitaine - Interco | Premier site de mise en relation internationale\",\"isPartOf\":{\"@id\":\"https:\\\/\\\/interco-international.com\\\/fr\\\/#website\"},\"primaryImageOfPage\":{\"@id\":\"https:\\\/\\\/interco-international.com\\\/fr\\\/2020\\\/06\\\/30\\\/focus-international-de-la-semaine-de-lagriculture-webinaire-anime-par-interco-nouvelle-aquitaine\\\/#primaryimage\"},\"image\":{\"@id\":\"https:\\\/\\\/interco-international.com\\\/fr\\\/2020\\\/06\\\/30\\\/focus-international-de-la-semaine-de-lagriculture-webinaire-anime-par-interco-nouvelle-aquitaine\\\/#primaryimage\"},\"thumbnailUrl\":\"https:\\\/\\\/interco-international.com\\\/wp-content\\\/uploads\\\/2020\\\/06\\\/Intro.jpg\",\"datePublished\":\"2020-06-30T08:50:00+00:00\",\"dateModified\":\"2020-07-08T08:45:14+00:00\",\"author\":{\"@id\":\"https:\\\/\\\/interco-international.com\\\/fr\\\/#\\\/schema\\\/person\\\/e72dae511d9f77c9f10469370e61958a\"},\"breadcrumb\":{\"@id\":\"https:\\\/\\\/interco-international.com\\\/fr\\\/2020\\\/06\\\/30\\\/focus-international-de-la-semaine-de-lagriculture-webinaire-anime-par-interco-nouvelle-aquitaine\\\/#breadcrumb\"},\"inLanguage\":\"fr-FR\",\"potentialAction\":[{\"@type\":\"ReadAction\",\"target\":[\"https:\\\/\\\/interco-international.com\\\/fr\\\/2020\\\/06\\\/30\\\/focus-international-de-la-semaine-de-lagriculture-webinaire-anime-par-interco-nouvelle-aquitaine\\\/\"]}]},{\"@type\":\"ImageObject\",\"inLanguage\":\"fr-FR\",\"@id\":\"https:\\\/\\\/interco-international.com\\\/fr\\\/2020\\\/06\\\/30\\\/focus-international-de-la-semaine-de-lagriculture-webinaire-anime-par-interco-nouvelle-aquitaine\\\/#primaryimage\",\"url\":\"https:\\\/\\\/interco-international.com\\\/wp-content\\\/uploads\\\/2020\\\/06\\\/Intro.jpg\",\"contentUrl\":\"https:\\\/\\\/interco-international.com\\\/wp-content\\\/uploads\\\/2020\\\/06\\\/Intro.jpg\",\"width\":500,\"height\":500},{\"@type\":\"BreadcrumbList\",\"@id\":\"https:\\\/\\\/interco-international.com\\\/fr\\\/2020\\\/06\\\/30\\\/focus-international-de-la-semaine-de-lagriculture-webinaire-anime-par-interco-nouvelle-aquitaine\\\/#breadcrumb\",\"itemListElement\":[{\"@type\":\"ListItem\",\"position\":1,\"name\":\"Accueil\",\"item\":\"https:\\\/\\\/interco-international.com\\\/fr\\\/\"},{\"@type\":\"ListItem\",\"position\":2,\"name\":\"Focus international de la Semaine de l\u2019Agriculture &#038; Webinaire anim\u00e9 par Interco Nouvelle-Aquitaine\"}]},{\"@type\":\"WebSite\",\"@id\":\"https:\\\/\\\/interco-international.com\\\/fr\\\/#website\",\"url\":\"https:\\\/\\\/interco-international.com\\\/fr\\\/\",\"name\":\"Interco | Premier site de mise en relation internationale\",\"description\":\"Agence de Coop\u00e9ration Internationale Nouvelle-Aquitaine\",\"potentialAction\":[{\"@type\":\"SearchAction\",\"target\":{\"@type\":\"EntryPoint\",\"urlTemplate\":\"https:\\\/\\\/interco-international.com\\\/fr\\\/?s={search_term_string}\"},\"query-input\":{\"@type\":\"PropertyValueSpecification\",\"valueRequired\":true,\"valueName\":\"search_term_string\"}}],\"inLanguage\":\"fr-FR\"},{\"@type\":\"Person\",\"@id\":\"https:\\\/\\\/interco-international.com\\\/fr\\\/#\\\/schema\\\/person\\\/e72dae511d9f77c9f10469370e61958a\",\"name\":\"V\u00e9ronique interco\",\"image\":{\"@type\":\"ImageObject\",\"inLanguage\":\"fr-FR\",\"@id\":\"https:\\\/\\\/secure.gravatar.com\\\/avatar\\\/bb75a2f8f6e545dbc564c0d691aec760939847ed7b65d9cf0b295847373abf41?s=96&d=mm&r=g\",\"url\":\"https:\\\/\\\/secure.gravatar.com\\\/avatar\\\/bb75a2f8f6e545dbc564c0d691aec760939847ed7b65d9cf0b295847373abf41?s=96&d=mm&r=g\",\"contentUrl\":\"https:\\\/\\\/secure.gravatar.com\\\/avatar\\\/bb75a2f8f6e545dbc564c0d691aec760939847ed7b65d9cf0b295847373abf41?s=96&d=mm&r=g\",\"caption\":\"V\u00e9ronique interco\"},\"url\":\"https:\\\/\\\/interco-international.com\\\/fr\\\/author\\\/intercointerco-international-com\\\/\"}]}<\/script>\n<!-- \/ Yoast SEO plugin. -->","yoast_head_json":{"title":"Focus international de la Semaine de l\u2019Agriculture & Webinaire anim\u00e9 par Interco Nouvelle-Aquitaine - Interco | Premier site de mise en relation internationale","robots":{"index":"index","follow":"follow","max-snippet":"max-snippet:-1","max-image-preview":"max-image-preview:large","max-video-preview":"max-video-preview:-1"},"canonical":"https:\/\/interco-international.com\/fr\/2020\/06\/30\/focus-international-de-la-semaine-de-lagriculture-webinaire-anime-par-interco-nouvelle-aquitaine\/","og_locale":"fr_FR","og_type":"article","og_title":"Focus international de la Semaine de l\u2019Agriculture & Webinaire anim\u00e9 par Interco Nouvelle-Aquitaine - Interco | Premier site de mise en relation internationale","og_description":"Focus international de la Semaine de l\u2019Agriculture & Aquitanima Tours Retour sur une semaine internationale avec des interviews d\u2019\u00e9leveurs espagnols [&hellip;]","og_url":"https:\/\/interco-international.com\/fr\/2020\/06\/30\/focus-international-de-la-semaine-de-lagriculture-webinaire-anime-par-interco-nouvelle-aquitaine\/","og_site_name":"Interco | Premier site de mise en relation internationale","article_published_time":"2020-06-30T08:50:00+00:00","article_modified_time":"2020-07-08T08:45:14+00:00","og_image":[{"width":500,"height":500,"url":"https:\/\/interco-international.com\/wp-content\/uploads\/2020\/06\/Intro.jpg","type":"image\/jpeg"}],"author":"V\u00e9ronique interco","twitter_card":"summary_large_image","twitter_misc":{"\u00c9crit par":"V\u00e9ronique interco","Dur\u00e9e de lecture estim\u00e9e":"1 minute"},"schema":{"@context":"https:\/\/schema.org","@graph":[{"@type":"Article","@id":"https:\/\/interco-international.com\/fr\/2020\/06\/30\/focus-international-de-la-semaine-de-lagriculture-webinaire-anime-par-interco-nouvelle-aquitaine\/#article","isPartOf":{"@id":"https:\/\/interco-international.com\/fr\/2020\/06\/30\/focus-international-de-la-semaine-de-lagriculture-webinaire-anime-par-interco-nouvelle-aquitaine\/"},"author":{"name":"V\u00e9ronique interco","@id":"https:\/\/interco-international.com\/fr\/#\/schema\/person\/e72dae511d9f77c9f10469370e61958a"},"headline":"Focus international de la Semaine de l\u2019Agriculture &#038; Webinaire anim\u00e9 par Interco Nouvelle-Aquitaine","datePublished":"2020-06-30T08:50:00+00:00","dateModified":"2020-07-08T08:45:14+00:00","mainEntityOfPage":{"@id":"https:\/\/interco-international.com\/fr\/2020\/06\/30\/focus-international-de-la-semaine-de-lagriculture-webinaire-anime-par-interco-nouvelle-aquitaine\/"},"wordCount":127,"commentCount":0,"image":{"@id":"https:\/\/interco-international.com\/fr\/2020\/06\/30\/focus-international-de-la-semaine-de-lagriculture-webinaire-anime-par-interco-nouvelle-aquitaine\/#primaryimage"},"thumbnailUrl":"https:\/\/interco-international.com\/wp-content\/uploads\/2020\/06\/Intro.jpg","articleSection":["Actualit\u00e9"],"inLanguage":"fr-FR","potentialAction":[{"@type":"CommentAction","name":"Comment","target":["https:\/\/interco-international.com\/fr\/2020\/06\/30\/focus-international-de-la-semaine-de-lagriculture-webinaire-anime-par-interco-nouvelle-aquitaine\/#respond"]}]},{"@type":"WebPage","@id":"https:\/\/interco-international.com\/fr\/2020\/06\/30\/focus-international-de-la-semaine-de-lagriculture-webinaire-anime-par-interco-nouvelle-aquitaine\/","url":"https:\/\/interco-international.com\/fr\/2020\/06\/30\/focus-international-de-la-semaine-de-lagriculture-webinaire-anime-par-interco-nouvelle-aquitaine\/","name":"Focus international de la Semaine de l\u2019Agriculture & Webinaire anim\u00e9 par Interco Nouvelle-Aquitaine - Interco | Premier site de mise en relation internationale","isPartOf":{"@id":"https:\/\/interco-international.com\/fr\/#website"},"primaryImageOfPage":{"@id":"https:\/\/interco-international.com\/fr\/2020\/06\/30\/focus-international-de-la-semaine-de-lagriculture-webinaire-anime-par-interco-nouvelle-aquitaine\/#primaryimage"},"image":{"@id":"https:\/\/interco-international.com\/fr\/2020\/06\/30\/focus-international-de-la-semaine-de-lagriculture-webinaire-anime-par-interco-nouvelle-aquitaine\/#primaryimage"},"thumbnailUrl":"https:\/\/interco-international.com\/wp-content\/uploads\/2020\/06\/Intro.jpg","datePublished":"2020-06-30T08:50:00+00:00","dateModified":"2020-07-08T08:45:14+00:00","author":{"@id":"https:\/\/interco-international.com\/fr\/#\/schema\/person\/e72dae511d9f77c9f10469370e61958a"},"breadcrumb":{"@id":"https:\/\/interco-international.com\/fr\/2020\/06\/30\/focus-international-de-la-semaine-de-lagriculture-webinaire-anime-par-interco-nouvelle-aquitaine\/#breadcrumb"},"inLanguage":"fr-FR","potentialAction":[{"@type":"ReadAction","target":["https:\/\/interco-international.com\/fr\/2020\/06\/30\/focus-international-de-la-semaine-de-lagriculture-webinaire-anime-par-interco-nouvelle-aquitaine\/"]}]},{"@type":"ImageObject","inLanguage":"fr-FR","@id":"https:\/\/interco-international.com\/fr\/2020\/06\/30\/focus-international-de-la-semaine-de-lagriculture-webinaire-anime-par-interco-nouvelle-aquitaine\/#primaryimage","url":"https:\/\/interco-international.com\/wp-content\/uploads\/2020\/06\/Intro.jpg","contentUrl":"https:\/\/interco-international.com\/wp-content\/uploads\/2020\/06\/Intro.jpg","width":500,"height":500},{"@type":"BreadcrumbList","@id":"https:\/\/interco-international.com\/fr\/2020\/06\/30\/focus-international-de-la-semaine-de-lagriculture-webinaire-anime-par-interco-nouvelle-aquitaine\/#breadcrumb","itemListElement":[{"@type":"ListItem","position":1,"name":"Accueil","item":"https:\/\/interco-international.com\/fr\/"},{"@type":"ListItem","position":2,"name":"Focus international de la Semaine de l\u2019Agriculture &#038; Webinaire anim\u00e9 par Interco Nouvelle-Aquitaine"}]},{"@type":"WebSite","@id":"https:\/\/interco-international.com\/fr\/#website","url":"https:\/\/interco-international.com\/fr\/","name":"Interco | Premier site de mise en relation internationale","description":"Agence de Coop\u00e9ration Internationale Nouvelle-Aquitaine","potentialAction":[{"@type":"SearchAction","target":{"@type":"EntryPoint","urlTemplate":"https:\/\/interco-international.com\/fr\/?s={search_term_string}"},"query-input":{"@type":"PropertyValueSpecification","valueRequired":true,"valueName":"search_term_string"}}],"inLanguage":"fr-FR"},{"@type":"Person","@id":"https:\/\/interco-international.com\/fr\/#\/schema\/person\/e72dae511d9f77c9f10469370e61958a","name":"V\u00e9ronique interco","image":{"@type":"ImageObject","inLanguage":"fr-FR","@id":"https:\/\/secure.gravatar.com\/avatar\/bb75a2f8f6e545dbc564c0d691aec760939847ed7b65d9cf0b295847373abf41?s=96&d=mm&r=g","url":"https:\/\/secure.gravatar.com\/avatar\/bb75a2f8f6e545dbc564c0d691aec760939847ed7b65d9cf0b295847373abf41?s=96&d=mm&r=g","contentUrl":"https:\/\/secure.gravatar.com\/avatar\/bb75a2f8f6e545dbc564c0d691aec760939847ed7b65d9cf0b295847373abf41?s=96&d=mm&r=g","caption":"V\u00e9ronique interco"},"url":"https:\/\/interco-international.com\/fr\/author\/intercointerco-international-com\/"}]}},"_links":{"self":[{"href":"https:\/\/interco-international.com\/fr\/wp-json\/wp\/v2\/posts\/4136","targetHints":{"allow":["GET"]}}],"collection":[{"href":"https:\/\/interco-international.com\/fr\/wp-json\/wp\/v2\/posts"}],"about":[{"href":"https:\/\/interco-international.com\/fr\/wp-json\/wp\/v2\/types\/post"}],"author":[{"embeddable":true,"href":"https:\/\/interco-international.com\/fr\/wp-json\/wp\/v2\/users\/6"}],"replies":[{"embeddable":true,"href":"https:\/\/interco-international.com\/fr\/wp-json\/wp\/v2\/comments?post=4136"}],"version-history":[{"count":4,"href":"https:\/\/interco-international.com\/fr\/wp-json\/wp\/v2\/posts\/4136\/revisions"}],"predecessor-version":[{"id":4147,"href":"https:\/\/interco-international.com\/fr\/wp-json\/wp\/v2\/posts\/4136\/revisions\/4147"}],"wp:featuredmedia":[{"embeddable":true,"href":"https:\/\/interco-international.com\/fr\/wp-json\/wp\/v2\/media\/4132"}],"wp:attachment":[{"href":"https:\/\/interco-international.com\/fr\/wp-json\/wp\/v2\/media?parent=4136"}],"wp:term":[{"taxonomy":"category","embeddable":true,"href":"https:\/\/interco-international.com\/fr\/wp-json\/wp\/v2\/categories?post=4136"},{"taxonomy":"post_tag","embeddable":true,"href":"https:\/\/interco-international.com\/fr\/wp-json\/wp\/v2\/tags?post=4136"}],"curies":[{"name":"wp","href":"https:\/\/api.w.org\/{rel}","templated":true}]}}