{"id":2514,"date":"2019-06-20T14:38:59","date_gmt":"2019-06-20T12:38:59","guid":{"rendered":"https:\/\/interco-international.com\/?p=2514"},"modified":"2019-06-20T14:38:59","modified_gmt":"2019-06-20T12:38:59","slug":"4-edition-du-sud-ouest-food-meetings","status":"publish","type":"post","link":"https:\/\/interco-international.com\/fr\/2019\/06\/20\/4-edition-du-sud-ouest-food-meetings\/","title":{"rendered":"4 \u00e9dition du Sud-Ouest Food Meetings!"},"content":{"rendered":"<p>Les 13 et 14 mai a eu lieu la quatri\u00e8me \u00e9dition de Sud-Ouest Food Meetings, la\u00a0 Convention d\u2019Affaires Agroalimentaires organis\u00e9e par l\u2019AANA en collaboration avec INTERCO Nouvelle-Aquitaine, Business France, Interbio Nouvelle-Aquitaine et Team R\u00e9sa. Cette \u00e9dition s\u2019est tenue pendant Vinexpo ce qui a \u00e9t\u00e9 une opportunit\u00e9 pour les acheteurs \u00e9trangers de profiter de ce salon mondial des vins\u00a0!<\/p>\n<p>Au total, 25 entreprises de Nouvelle-Aquitaine (repr\u00e9sentants 47 soci\u00e9t\u00e9s diff\u00e9rentes), ont rencontr\u00e9 26 acheteurs en provenance de 19 pays. Elles ont ainsi pris part \u00e0 2 jours de rendez-vous d\u2019affaires BtoB, ponctu\u00e9s de d\u00e9jeuners et d\u00eeners aux saveurs du Sud-Ouest.<\/p>\n<p>Notre agence a \u00e9t\u00e9 tr\u00e8s largement associ\u00e9e \u00e0 l\u2019organisation de cet \u00e9v\u00e9nement, en recrutant la totalit\u00e9 des entreprises fran\u00e7aises ainsi que la moiti\u00e9 des acheteurs \u00e9trangers, en g\u00e9rant la programmation des RDV, l\u2019accueil des professionnels \u00e9trangers et le bon fonctionnement logistique de l\u2019\u00e9v\u00e9nement.<\/p>\n<p>Pr\u00e8s de 600 RDV ont \u00e9t\u00e9 organis\u00e9s pendant les deux jours du Sud-Ouest Food Meetings. Des contacts d\u2019affaires ont \u00e9t\u00e9 initi\u00e9s gr\u00e2ce \u00e0 l\u2019\u00e9v\u00e9nement qui a re\u00e7u des retours extr\u00eamement positifs du c\u00f4t\u00e9 des acheteurs comme des fournisseurs. La totalit\u00e9 des fournisseurs interrog\u00e9s souhaitent renouveler l\u2019exp\u00e9rience \u00e0 l\u2019occasion de la prochaine \u00e9dition en 2021.<\/p>\n<p>Enfin, le Sud-Ouest Food Meetings 2019 a \u00e9t\u00e9 appr\u00e9ci\u00e9 par les importateurs \u00e9trangers et les fournisseurs de la r\u00e9gion Nouvelle-Aquitaine, la qualit\u00e9 de l\u2019organisation est souvent revenue dans les commentaires des acheteurs et des fournisseurs. VINEXPO a \u00e9t\u00e9 per\u00e7u comme une vraie valeur ajout\u00e9e \u00e0 l\u2019\u00e9v\u00e9nement par les acheteurs.<\/p>\n<figure id=\"attachment_2532\" aria-describedby=\"caption-attachment-2532\" style=\"width: 300px\" class=\"wp-caption aligncenter\"><img loading=\"lazy\" decoding=\"async\" class=\"wp-image-2532 size-medium\" src=\"https:\/\/interco-international.com\/wp-content\/uploads\/2019\/06\/60705384_1008721599331474_4636093011900497920_n-300x225.jpg\" alt=\"\" width=\"300\" height=\"225\" srcset=\"https:\/\/interco-international.com\/wp-content\/uploads\/2019\/06\/60705384_1008721599331474_4636093011900497920_n-300x225.jpg 300w, https:\/\/interco-international.com\/wp-content\/uploads\/2019\/06\/60705384_1008721599331474_4636093011900497920_n-768x576.jpg 768w, https:\/\/interco-international.com\/wp-content\/uploads\/2019\/06\/60705384_1008721599331474_4636093011900497920_n-1024x768.jpg 1024w, https:\/\/interco-international.com\/wp-content\/uploads\/2019\/06\/60705384_1008721599331474_4636093011900497920_n-510x382.jpg 510w, https:\/\/interco-international.com\/wp-content\/uploads\/2019\/06\/60705384_1008721599331474_4636093011900497920_n-1080x810.jpg 1080w, https:\/\/interco-international.com\/wp-content\/uploads\/2019\/06\/60705384_1008721599331474_4636093011900497920_n.jpg 1600w\" sizes=\"(max-width: 300px) 100vw, 300px\" \/><figcaption id=\"caption-attachment-2532\" class=\"wp-caption-text\">\u00c9quipe d&rsquo;INTERCO Nouvelle-Aquitaine<\/figcaption><\/figure>\n<figure id=\"attachment_2516\" aria-describedby=\"caption-attachment-2516\" style=\"width: 225px\" class=\"wp-caption aligncenter\"><img loading=\"lazy\" decoding=\"async\" class=\"wp-image-2516 size-medium\" src=\"https:\/\/interco-international.com\/wp-content\/uploads\/2019\/06\/60460010_308299060096161_5480127623994540032_n-225x300.jpg\" alt=\"\" width=\"225\" height=\"300\" srcset=\"https:\/\/interco-international.com\/wp-content\/uploads\/2019\/06\/60460010_308299060096161_5480127623994540032_n-225x300.jpg 225w, https:\/\/interco-international.com\/wp-content\/uploads\/2019\/06\/60460010_308299060096161_5480127623994540032_n.jpg 600w\" sizes=\"(max-width: 225px) 100vw, 225px\" \/><figcaption id=\"caption-attachment-2516\" class=\"wp-caption-text\">Terga Gastronomie<\/figcaption><\/figure>\n<figure id=\"attachment_2525\" aria-describedby=\"caption-attachment-2525\" style=\"width: 225px\" class=\"wp-caption aligncenter\"><img loading=\"lazy\" decoding=\"async\" class=\"wp-image-2525 size-medium\" src=\"https:\/\/interco-international.com\/wp-content\/uploads\/2019\/06\/Stand-Huitre-O-225x300.jpg\" alt=\"\" width=\"225\" height=\"300\" srcset=\"https:\/\/interco-international.com\/wp-content\/uploads\/2019\/06\/Stand-Huitre-O-225x300.jpg 225w, https:\/\/interco-international.com\/wp-content\/uploads\/2019\/06\/Stand-Huitre-O-768x1024.jpg 768w, https:\/\/interco-international.com\/wp-content\/uploads\/2019\/06\/Stand-Huitre-O-1080x1440.jpg 1080w\" sizes=\"(max-width: 225px) 100vw, 225px\" \/><figcaption id=\"caption-attachment-2525\" class=\"wp-caption-text\">L&rsquo;Hu\u00eetre.0<\/figcaption><\/figure>\n<figure id=\"attachment_2519\" aria-describedby=\"caption-attachment-2519\" style=\"width: 225px\" class=\"wp-caption aligncenter\"><img loading=\"lazy\" decoding=\"async\" class=\"wp-image-2519 size-medium\" src=\"https:\/\/interco-international.com\/wp-content\/uploads\/2019\/06\/60624730_436837320445319_5008436826440990720_n-225x300.jpg\" alt=\"\" width=\"225\" height=\"300\" srcset=\"https:\/\/interco-international.com\/wp-content\/uploads\/2019\/06\/60624730_436837320445319_5008436826440990720_n-225x300.jpg 225w, https:\/\/interco-international.com\/wp-content\/uploads\/2019\/06\/60624730_436837320445319_5008436826440990720_n-768x1024.jpg 768w, https:\/\/interco-international.com\/wp-content\/uploads\/2019\/06\/60624730_436837320445319_5008436826440990720_n-1080x1440.jpg 1080w, https:\/\/interco-international.com\/wp-content\/uploads\/2019\/06\/60624730_436837320445319_5008436826440990720_n.jpg 1200w\" sizes=\"(max-width: 225px) 100vw, 225px\" \/><figcaption id=\"caption-attachment-2519\" class=\"wp-caption-text\">Favols<\/figcaption><\/figure>\n<figure id=\"attachment_2522\" aria-describedby=\"caption-attachment-2522\" style=\"width: 300px\" class=\"wp-caption aligncenter\"><img loading=\"lazy\" decoding=\"async\" class=\"wp-image-2522 size-medium\" src=\"https:\/\/interco-international.com\/wp-content\/uploads\/2019\/06\/61948574_387162195254209_1142756493838254080_n-300x169.jpg\" alt=\"\" width=\"300\" height=\"169\" srcset=\"https:\/\/interco-international.com\/wp-content\/uploads\/2019\/06\/61948574_387162195254209_1142756493838254080_n-300x169.jpg 300w, https:\/\/interco-international.com\/wp-content\/uploads\/2019\/06\/61948574_387162195254209_1142756493838254080_n-768x434.jpg 768w, https:\/\/interco-international.com\/wp-content\/uploads\/2019\/06\/61948574_387162195254209_1142756493838254080_n-1024x578.jpg 1024w, https:\/\/interco-international.com\/wp-content\/uploads\/2019\/06\/61948574_387162195254209_1142756493838254080_n-1080x610.jpg 1080w, https:\/\/interco-international.com\/wp-content\/uploads\/2019\/06\/61948574_387162195254209_1142756493838254080_n.jpg 1984w\" sizes=\"(max-width: 300px) 100vw, 300px\" \/><figcaption id=\"caption-attachment-2522\" class=\"wp-caption-text\">Cocktail sur le stand de l&rsquo;AANA au salon Vinexpo<\/figcaption><\/figure>\n","protected":false},"excerpt":{"rendered":"<p>Les 13 et 14 mai a eu lieu la quatri\u00e8me \u00e9dition de Sud-Ouest Food Meetings, la\u00a0 Convention d\u2019Affaires Agroalimentaires organis\u00e9e [&hellip;]<\/p>\n","protected":false},"author":9,"featured_media":2535,"comment_status":"open","ping_status":"open","sticky":false,"template":"","format":"standard","meta":{"_acf_changed":false,"_et_pb_use_builder":"","_et_pb_old_content":"","_et_gb_content_width":"","footnotes":""},"categories":[23],"tags":[71,70,72,73],"class_list":["post-2514","post","type-post","status-publish","format-standard","has-post-thumbnail","hentry","category-actualite","tag-btob-meetings","tag-convention-daffaires","tag-produits-gourmets","tag-vinexpo"],"acf":[],"yoast_head":"<!-- This site is optimized with the Yoast SEO plugin v27.4 - https:\/\/yoast.com\/product\/yoast-seo-wordpress\/ -->\n<title>4 \u00e9dition du Sud-Ouest Food Meetings! - Interco | Premier site de mise en relation internationale<\/title>\n<meta name=\"robots\" content=\"index, follow, max-snippet:-1, max-image-preview:large, max-video-preview:-1\" \/>\n<link rel=\"canonical\" href=\"https:\/\/interco-international.com\/fr\/2019\/06\/20\/4-edition-du-sud-ouest-food-meetings\/\" \/>\n<meta property=\"og:locale\" content=\"fr_FR\" \/>\n<meta property=\"og:type\" content=\"article\" \/>\n<meta property=\"og:title\" content=\"4 \u00e9dition du Sud-Ouest Food Meetings! - Interco | Premier site de mise en relation internationale\" \/>\n<meta property=\"og:description\" content=\"Les 13 et 14 mai a eu lieu la quatri\u00e8me \u00e9dition de Sud-Ouest Food Meetings, la\u00a0 Convention d\u2019Affaires Agroalimentaires organis\u00e9e [&hellip;]\" \/>\n<meta property=\"og:url\" content=\"https:\/\/interco-international.com\/fr\/2019\/06\/20\/4-edition-du-sud-ouest-food-meetings\/\" \/>\n<meta property=\"og:site_name\" content=\"Interco | Premier site de mise en relation internationale\" \/>\n<meta property=\"article:published_time\" content=\"2019-06-20T12:38:59+00:00\" \/>\n<meta property=\"og:image\" content=\"https:\/\/interco-international.com\/wp-content\/uploads\/2019\/06\/60763387_2421139884584311_3088534003578306560_n.jpg\" \/>\n\t<meta property=\"og:image:width\" content=\"1600\" \/>\n\t<meta property=\"og:image:height\" content=\"1200\" \/>\n\t<meta property=\"og:image:type\" content=\"image\/jpeg\" \/>\n<meta name=\"author\" content=\"ana interco\" \/>\n<meta name=\"twitter:card\" content=\"summary_large_image\" \/>\n<meta name=\"twitter:label1\" content=\"\u00c9crit par\" \/>\n\t<meta name=\"twitter:data1\" content=\"ana interco\" \/>\n\t<meta name=\"twitter:label2\" content=\"Dur\u00e9e de lecture estim\u00e9e\" \/>\n\t<meta name=\"twitter:data2\" content=\"2 minutes\" \/>\n<script type=\"application\/ld+json\" class=\"yoast-schema-graph\">{\"@context\":\"https:\\\/\\\/schema.org\",\"@graph\":[{\"@type\":\"Article\",\"@id\":\"https:\\\/\\\/interco-international.com\\\/fr\\\/2019\\\/06\\\/20\\\/4-edition-du-sud-ouest-food-meetings\\\/#article\",\"isPartOf\":{\"@id\":\"https:\\\/\\\/interco-international.com\\\/fr\\\/2019\\\/06\\\/20\\\/4-edition-du-sud-ouest-food-meetings\\\/\"},\"author\":{\"name\":\"ana interco\",\"@id\":\"https:\\\/\\\/interco-international.com\\\/fr\\\/#\\\/schema\\\/person\\\/6eb3ab527642af4db3cda7242da6207a\"},\"headline\":\"4 \u00e9dition du Sud-Ouest Food Meetings!\",\"datePublished\":\"2019-06-20T12:38:59+00:00\",\"mainEntityOfPage\":{\"@id\":\"https:\\\/\\\/interco-international.com\\\/fr\\\/2019\\\/06\\\/20\\\/4-edition-du-sud-ouest-food-meetings\\\/\"},\"wordCount\":330,\"commentCount\":0,\"image\":{\"@id\":\"https:\\\/\\\/interco-international.com\\\/fr\\\/2019\\\/06\\\/20\\\/4-edition-du-sud-ouest-food-meetings\\\/#primaryimage\"},\"thumbnailUrl\":\"https:\\\/\\\/interco-international.com\\\/wp-content\\\/uploads\\\/2019\\\/06\\\/60763387_2421139884584311_3088534003578306560_n.jpg\",\"keywords\":[\"BtoB meetings\",\"Convention d'affaires\",\"produits gourmets\",\"vinexpo\"],\"articleSection\":[\"Actualit\u00e9\"],\"inLanguage\":\"fr-FR\",\"potentialAction\":[{\"@type\":\"CommentAction\",\"name\":\"Comment\",\"target\":[\"https:\\\/\\\/interco-international.com\\\/fr\\\/2019\\\/06\\\/20\\\/4-edition-du-sud-ouest-food-meetings\\\/#respond\"]}]},{\"@type\":\"WebPage\",\"@id\":\"https:\\\/\\\/interco-international.com\\\/fr\\\/2019\\\/06\\\/20\\\/4-edition-du-sud-ouest-food-meetings\\\/\",\"url\":\"https:\\\/\\\/interco-international.com\\\/fr\\\/2019\\\/06\\\/20\\\/4-edition-du-sud-ouest-food-meetings\\\/\",\"name\":\"4 \u00e9dition du Sud-Ouest Food Meetings! - Interco | Premier site de mise en relation internationale\",\"isPartOf\":{\"@id\":\"https:\\\/\\\/interco-international.com\\\/fr\\\/#website\"},\"primaryImageOfPage\":{\"@id\":\"https:\\\/\\\/interco-international.com\\\/fr\\\/2019\\\/06\\\/20\\\/4-edition-du-sud-ouest-food-meetings\\\/#primaryimage\"},\"image\":{\"@id\":\"https:\\\/\\\/interco-international.com\\\/fr\\\/2019\\\/06\\\/20\\\/4-edition-du-sud-ouest-food-meetings\\\/#primaryimage\"},\"thumbnailUrl\":\"https:\\\/\\\/interco-international.com\\\/wp-content\\\/uploads\\\/2019\\\/06\\\/60763387_2421139884584311_3088534003578306560_n.jpg\",\"datePublished\":\"2019-06-20T12:38:59+00:00\",\"author\":{\"@id\":\"https:\\\/\\\/interco-international.com\\\/fr\\\/#\\\/schema\\\/person\\\/6eb3ab527642af4db3cda7242da6207a\"},\"breadcrumb\":{\"@id\":\"https:\\\/\\\/interco-international.com\\\/fr\\\/2019\\\/06\\\/20\\\/4-edition-du-sud-ouest-food-meetings\\\/#breadcrumb\"},\"inLanguage\":\"fr-FR\",\"potentialAction\":[{\"@type\":\"ReadAction\",\"target\":[\"https:\\\/\\\/interco-international.com\\\/fr\\\/2019\\\/06\\\/20\\\/4-edition-du-sud-ouest-food-meetings\\\/\"]}]},{\"@type\":\"ImageObject\",\"inLanguage\":\"fr-FR\",\"@id\":\"https:\\\/\\\/interco-international.com\\\/fr\\\/2019\\\/06\\\/20\\\/4-edition-du-sud-ouest-food-meetings\\\/#primaryimage\",\"url\":\"https:\\\/\\\/interco-international.com\\\/wp-content\\\/uploads\\\/2019\\\/06\\\/60763387_2421139884584311_3088534003578306560_n.jpg\",\"contentUrl\":\"https:\\\/\\\/interco-international.com\\\/wp-content\\\/uploads\\\/2019\\\/06\\\/60763387_2421139884584311_3088534003578306560_n.jpg\",\"width\":1600,\"height\":1200},{\"@type\":\"BreadcrumbList\",\"@id\":\"https:\\\/\\\/interco-international.com\\\/fr\\\/2019\\\/06\\\/20\\\/4-edition-du-sud-ouest-food-meetings\\\/#breadcrumb\",\"itemListElement\":[{\"@type\":\"ListItem\",\"position\":1,\"name\":\"Accueil\",\"item\":\"https:\\\/\\\/interco-international.com\\\/fr\\\/\"},{\"@type\":\"ListItem\",\"position\":2,\"name\":\"4 \u00e9dition du Sud-Ouest Food Meetings!\"}]},{\"@type\":\"WebSite\",\"@id\":\"https:\\\/\\\/interco-international.com\\\/fr\\\/#website\",\"url\":\"https:\\\/\\\/interco-international.com\\\/fr\\\/\",\"name\":\"Interco | Premier site de mise en relation internationale\",\"description\":\"Agence de Coop\u00e9ration Internationale Nouvelle-Aquitaine\",\"potentialAction\":[{\"@type\":\"SearchAction\",\"target\":{\"@type\":\"EntryPoint\",\"urlTemplate\":\"https:\\\/\\\/interco-international.com\\\/fr\\\/?s={search_term_string}\"},\"query-input\":{\"@type\":\"PropertyValueSpecification\",\"valueRequired\":true,\"valueName\":\"search_term_string\"}}],\"inLanguage\":\"fr-FR\"},{\"@type\":\"Person\",\"@id\":\"https:\\\/\\\/interco-international.com\\\/fr\\\/#\\\/schema\\\/person\\\/6eb3ab527642af4db3cda7242da6207a\",\"name\":\"ana interco\",\"image\":{\"@type\":\"ImageObject\",\"inLanguage\":\"fr-FR\",\"@id\":\"https:\\\/\\\/secure.gravatar.com\\\/avatar\\\/b36cad9adac0f5a25df33446d7f6c34a567a48660ba100d67eedaeb0fe499ce3?s=96&d=mm&r=g\",\"url\":\"https:\\\/\\\/secure.gravatar.com\\\/avatar\\\/b36cad9adac0f5a25df33446d7f6c34a567a48660ba100d67eedaeb0fe499ce3?s=96&d=mm&r=g\",\"contentUrl\":\"https:\\\/\\\/secure.gravatar.com\\\/avatar\\\/b36cad9adac0f5a25df33446d7f6c34a567a48660ba100d67eedaeb0fe499ce3?s=96&d=mm&r=g\",\"caption\":\"ana interco\"},\"url\":\"https:\\\/\\\/interco-international.com\\\/fr\\\/author\\\/ana-merchaninterco-international-com\\\/\"}]}<\/script>\n<!-- \/ Yoast SEO plugin. -->","yoast_head_json":{"title":"4 \u00e9dition du Sud-Ouest Food Meetings! - Interco | Premier site de mise en relation internationale","robots":{"index":"index","follow":"follow","max-snippet":"max-snippet:-1","max-image-preview":"max-image-preview:large","max-video-preview":"max-video-preview:-1"},"canonical":"https:\/\/interco-international.com\/fr\/2019\/06\/20\/4-edition-du-sud-ouest-food-meetings\/","og_locale":"fr_FR","og_type":"article","og_title":"4 \u00e9dition du Sud-Ouest Food Meetings! - Interco | Premier site de mise en relation internationale","og_description":"Les 13 et 14 mai a eu lieu la quatri\u00e8me \u00e9dition de Sud-Ouest Food Meetings, la\u00a0 Convention d\u2019Affaires Agroalimentaires organis\u00e9e [&hellip;]","og_url":"https:\/\/interco-international.com\/fr\/2019\/06\/20\/4-edition-du-sud-ouest-food-meetings\/","og_site_name":"Interco | Premier site de mise en relation internationale","article_published_time":"2019-06-20T12:38:59+00:00","og_image":[{"width":1600,"height":1200,"url":"https:\/\/interco-international.com\/wp-content\/uploads\/2019\/06\/60763387_2421139884584311_3088534003578306560_n.jpg","type":"image\/jpeg"}],"author":"ana interco","twitter_card":"summary_large_image","twitter_misc":{"\u00c9crit par":"ana interco","Dur\u00e9e de lecture estim\u00e9e":"2 minutes"},"schema":{"@context":"https:\/\/schema.org","@graph":[{"@type":"Article","@id":"https:\/\/interco-international.com\/fr\/2019\/06\/20\/4-edition-du-sud-ouest-food-meetings\/#article","isPartOf":{"@id":"https:\/\/interco-international.com\/fr\/2019\/06\/20\/4-edition-du-sud-ouest-food-meetings\/"},"author":{"name":"ana interco","@id":"https:\/\/interco-international.com\/fr\/#\/schema\/person\/6eb3ab527642af4db3cda7242da6207a"},"headline":"4 \u00e9dition du Sud-Ouest Food Meetings!","datePublished":"2019-06-20T12:38:59+00:00","mainEntityOfPage":{"@id":"https:\/\/interco-international.com\/fr\/2019\/06\/20\/4-edition-du-sud-ouest-food-meetings\/"},"wordCount":330,"commentCount":0,"image":{"@id":"https:\/\/interco-international.com\/fr\/2019\/06\/20\/4-edition-du-sud-ouest-food-meetings\/#primaryimage"},"thumbnailUrl":"https:\/\/interco-international.com\/wp-content\/uploads\/2019\/06\/60763387_2421139884584311_3088534003578306560_n.jpg","keywords":["BtoB meetings","Convention d'affaires","produits gourmets","vinexpo"],"articleSection":["Actualit\u00e9"],"inLanguage":"fr-FR","potentialAction":[{"@type":"CommentAction","name":"Comment","target":["https:\/\/interco-international.com\/fr\/2019\/06\/20\/4-edition-du-sud-ouest-food-meetings\/#respond"]}]},{"@type":"WebPage","@id":"https:\/\/interco-international.com\/fr\/2019\/06\/20\/4-edition-du-sud-ouest-food-meetings\/","url":"https:\/\/interco-international.com\/fr\/2019\/06\/20\/4-edition-du-sud-ouest-food-meetings\/","name":"4 \u00e9dition du Sud-Ouest Food Meetings! - Interco | Premier site de mise en relation internationale","isPartOf":{"@id":"https:\/\/interco-international.com\/fr\/#website"},"primaryImageOfPage":{"@id":"https:\/\/interco-international.com\/fr\/2019\/06\/20\/4-edition-du-sud-ouest-food-meetings\/#primaryimage"},"image":{"@id":"https:\/\/interco-international.com\/fr\/2019\/06\/20\/4-edition-du-sud-ouest-food-meetings\/#primaryimage"},"thumbnailUrl":"https:\/\/interco-international.com\/wp-content\/uploads\/2019\/06\/60763387_2421139884584311_3088534003578306560_n.jpg","datePublished":"2019-06-20T12:38:59+00:00","author":{"@id":"https:\/\/interco-international.com\/fr\/#\/schema\/person\/6eb3ab527642af4db3cda7242da6207a"},"breadcrumb":{"@id":"https:\/\/interco-international.com\/fr\/2019\/06\/20\/4-edition-du-sud-ouest-food-meetings\/#breadcrumb"},"inLanguage":"fr-FR","potentialAction":[{"@type":"ReadAction","target":["https:\/\/interco-international.com\/fr\/2019\/06\/20\/4-edition-du-sud-ouest-food-meetings\/"]}]},{"@type":"ImageObject","inLanguage":"fr-FR","@id":"https:\/\/interco-international.com\/fr\/2019\/06\/20\/4-edition-du-sud-ouest-food-meetings\/#primaryimage","url":"https:\/\/interco-international.com\/wp-content\/uploads\/2019\/06\/60763387_2421139884584311_3088534003578306560_n.jpg","contentUrl":"https:\/\/interco-international.com\/wp-content\/uploads\/2019\/06\/60763387_2421139884584311_3088534003578306560_n.jpg","width":1600,"height":1200},{"@type":"BreadcrumbList","@id":"https:\/\/interco-international.com\/fr\/2019\/06\/20\/4-edition-du-sud-ouest-food-meetings\/#breadcrumb","itemListElement":[{"@type":"ListItem","position":1,"name":"Accueil","item":"https:\/\/interco-international.com\/fr\/"},{"@type":"ListItem","position":2,"name":"4 \u00e9dition du Sud-Ouest Food Meetings!"}]},{"@type":"WebSite","@id":"https:\/\/interco-international.com\/fr\/#website","url":"https:\/\/interco-international.com\/fr\/","name":"Interco | Premier site de mise en relation internationale","description":"Agence de Coop\u00e9ration Internationale Nouvelle-Aquitaine","potentialAction":[{"@type":"SearchAction","target":{"@type":"EntryPoint","urlTemplate":"https:\/\/interco-international.com\/fr\/?s={search_term_string}"},"query-input":{"@type":"PropertyValueSpecification","valueRequired":true,"valueName":"search_term_string"}}],"inLanguage":"fr-FR"},{"@type":"Person","@id":"https:\/\/interco-international.com\/fr\/#\/schema\/person\/6eb3ab527642af4db3cda7242da6207a","name":"ana interco","image":{"@type":"ImageObject","inLanguage":"fr-FR","@id":"https:\/\/secure.gravatar.com\/avatar\/b36cad9adac0f5a25df33446d7f6c34a567a48660ba100d67eedaeb0fe499ce3?s=96&d=mm&r=g","url":"https:\/\/secure.gravatar.com\/avatar\/b36cad9adac0f5a25df33446d7f6c34a567a48660ba100d67eedaeb0fe499ce3?s=96&d=mm&r=g","contentUrl":"https:\/\/secure.gravatar.com\/avatar\/b36cad9adac0f5a25df33446d7f6c34a567a48660ba100d67eedaeb0fe499ce3?s=96&d=mm&r=g","caption":"ana interco"},"url":"https:\/\/interco-international.com\/fr\/author\/ana-merchaninterco-international-com\/"}]}},"_links":{"self":[{"href":"https:\/\/interco-international.com\/fr\/wp-json\/wp\/v2\/posts\/2514","targetHints":{"allow":["GET"]}}],"collection":[{"href":"https:\/\/interco-international.com\/fr\/wp-json\/wp\/v2\/posts"}],"about":[{"href":"https:\/\/interco-international.com\/fr\/wp-json\/wp\/v2\/types\/post"}],"author":[{"embeddable":true,"href":"https:\/\/interco-international.com\/fr\/wp-json\/wp\/v2\/users\/9"}],"replies":[{"embeddable":true,"href":"https:\/\/interco-international.com\/fr\/wp-json\/wp\/v2\/comments?post=2514"}],"version-history":[{"count":2,"href":"https:\/\/interco-international.com\/fr\/wp-json\/wp\/v2\/posts\/2514\/revisions"}],"predecessor-version":[{"id":2538,"href":"https:\/\/interco-international.com\/fr\/wp-json\/wp\/v2\/posts\/2514\/revisions\/2538"}],"wp:featuredmedia":[{"embeddable":true,"href":"https:\/\/interco-international.com\/fr\/wp-json\/wp\/v2\/media\/2535"}],"wp:attachment":[{"href":"https:\/\/interco-international.com\/fr\/wp-json\/wp\/v2\/media?parent=2514"}],"wp:term":[{"taxonomy":"category","embeddable":true,"href":"https:\/\/interco-international.com\/fr\/wp-json\/wp\/v2\/categories?post=2514"},{"taxonomy":"post_tag","embeddable":true,"href":"https:\/\/interco-international.com\/fr\/wp-json\/wp\/v2\/tags?post=2514"}],"curies":[{"name":"wp","href":"https:\/\/api.w.org\/{rel}","templated":true}]}}