{"id":8307,"date":"2023-08-25T16:51:45","date_gmt":"2023-08-25T14:51:45","guid":{"rendered":"https:\/\/interco-international.com\/2023\/08\/25\/lancement-du-forum-sustenta-vitis-le-21-septembre-2023\/"},"modified":"2023-08-25T17:00:20","modified_gmt":"2023-08-25T15:00:20","slug":"lancement-du-forum-sustenta-vitis-le-21-septembre-2023","status":"publish","type":"post","link":"https:\/\/interco-international.com\/es\/2023\/08\/25\/lancement-du-forum-sustenta-vitis-le-21-septembre-2023\/","title":{"rendered":"Lanzamiento del foro Sustenta Vitis el 21 de septiembre de 2023"},"content":{"rendered":"<p>El foro \u00abSustenta-Vitis\u00bb se llevar\u00e1 acabo el jueves 21 de septiembre en Mendoza (Argentina), en el marco del proyecto europeo de sostenibilidad del vino argentino <strong>AL-INVEST Verde<\/strong>, organizado por Wines of Argentina (WOFA) en colaboraci\u00f3n con INTERCO Nouvelle-Aquitaine.<\/p>\n<p>Nuestro socio Jean Philippe ROBY, experto internacional en viticultura, presentar\u00e1 2 ponencias sobre la noci\u00f3n de sostenibilidad en la gesti\u00f3n del vi\u00f1edo.<\/p>\n<p>Art\u00edculo y flyer, abajo, realizados por WOFA.<\/p>\n<p><img loading=\"lazy\" decoding=\"async\" class=\"aligncenter wp-image-8295 size-full\" src=\"https:\/\/interco-international.com\/wp-content\/uploads\/2023\/08\/Capture-decran-2023-08-25-a-16.30.32.png\" alt=\"\" width=\"768\" height=\"1446\" srcset=\"https:\/\/interco-international.com\/wp-content\/uploads\/2023\/08\/Capture-decran-2023-08-25-a-16.30.32.png 768w, https:\/\/interco-international.com\/wp-content\/uploads\/2023\/08\/Capture-decran-2023-08-25-a-16.30.32-159x300.png 159w, https:\/\/interco-international.com\/wp-content\/uploads\/2023\/08\/Capture-decran-2023-08-25-a-16.30.32-544x1024.png 544w\" sizes=\"(max-width: 768px) 100vw, 768px\" \/> <img loading=\"lazy\" decoding=\"async\" class=\"aligncenter wp-image-8298 size-full\" src=\"https:\/\/interco-international.com\/wp-content\/uploads\/2023\/08\/Capture-decran-2023-08-25-a-16.29.33.png\" alt=\"\" width=\"1532\" height=\"1300\" srcset=\"https:\/\/interco-international.com\/wp-content\/uploads\/2023\/08\/Capture-decran-2023-08-25-a-16.29.33.png 1532w, https:\/\/interco-international.com\/wp-content\/uploads\/2023\/08\/Capture-decran-2023-08-25-a-16.29.33-300x255.png 300w, https:\/\/interco-international.com\/wp-content\/uploads\/2023\/08\/Capture-decran-2023-08-25-a-16.29.33-1024x869.png 1024w, https:\/\/interco-international.com\/wp-content\/uploads\/2023\/08\/Capture-decran-2023-08-25-a-16.29.33-768x652.png 768w, https:\/\/interco-international.com\/wp-content\/uploads\/2023\/08\/Capture-decran-2023-08-25-a-16.29.33-1080x916.png 1080w\" sizes=\"(max-width: 1532px) 100vw, 1532px\" \/> <img loading=\"lazy\" decoding=\"async\" class=\"aligncenter wp-image-8301 size-full\" src=\"https:\/\/interco-international.com\/wp-content\/uploads\/2023\/08\/Capture-decran-2023-08-25-a-16.29.46.png\" alt=\"\" width=\"1544\" height=\"1424\" srcset=\"https:\/\/interco-international.com\/wp-content\/uploads\/2023\/08\/Capture-decran-2023-08-25-a-16.29.46.png 1544w, https:\/\/interco-international.com\/wp-content\/uploads\/2023\/08\/Capture-decran-2023-08-25-a-16.29.46-300x277.png 300w, https:\/\/interco-international.com\/wp-content\/uploads\/2023\/08\/Capture-decran-2023-08-25-a-16.29.46-1024x944.png 1024w, https:\/\/interco-international.com\/wp-content\/uploads\/2023\/08\/Capture-decran-2023-08-25-a-16.29.46-768x708.png 768w, https:\/\/interco-international.com\/wp-content\/uploads\/2023\/08\/Capture-decran-2023-08-25-a-16.29.46-1536x1417.png 1536w, https:\/\/interco-international.com\/wp-content\/uploads\/2023\/08\/Capture-decran-2023-08-25-a-16.29.46-1080x996.png 1080w\" sizes=\"(max-width: 1544px) 100vw, 1544px\" \/> <img loading=\"lazy\" decoding=\"async\" class=\"aligncenter wp-image-8304 size-full\" src=\"https:\/\/interco-international.com\/wp-content\/uploads\/2023\/08\/Capture-decran-2023-08-25-a-16.30.03.png\" alt=\"\" width=\"1580\" height=\"1210\" srcset=\"https:\/\/interco-international.com\/wp-content\/uploads\/2023\/08\/Capture-decran-2023-08-25-a-16.30.03.png 1580w, https:\/\/interco-international.com\/wp-content\/uploads\/2023\/08\/Capture-decran-2023-08-25-a-16.30.03-300x230.png 300w, https:\/\/interco-international.com\/wp-content\/uploads\/2023\/08\/Capture-decran-2023-08-25-a-16.30.03-1024x784.png 1024w, https:\/\/interco-international.com\/wp-content\/uploads\/2023\/08\/Capture-decran-2023-08-25-a-16.30.03-768x588.png 768w, https:\/\/interco-international.com\/wp-content\/uploads\/2023\/08\/Capture-decran-2023-08-25-a-16.30.03-1536x1176.png 1536w, https:\/\/interco-international.com\/wp-content\/uploads\/2023\/08\/Capture-decran-2023-08-25-a-16.30.03-1080x827.png 1080w\" sizes=\"(max-width: 1580px) 100vw, 1580px\" \/><\/p>\n","protected":false},"excerpt":{"rendered":"<p>El foro \u00abSustenta-Vitis\u00bb se llevar\u00e1 acabo el jueves 21 de septiembre en Mendoza (Argentina), en el marco del proyecto europeo [&hellip;]<\/p>\n","protected":false},"author":9,"featured_media":8298,"comment_status":"open","ping_status":"open","sticky":false,"template":"","format":"standard","meta":{"_acf_changed":false,"_et_pb_use_builder":"","_et_pb_old_content":"","_et_gb_content_width":"","footnotes":""},"categories":[1],"tags":[],"class_list":["post-8307","post","type-post","status-publish","format-standard","has-post-thumbnail","hentry","category-non-classifiee"],"acf":[],"yoast_head":"<!-- This site is optimized with the Yoast SEO plugin v27.4 - https:\/\/yoast.com\/product\/yoast-seo-wordpress\/ -->\n<title>Lanzamiento del foro Sustenta Vitis el 21 de septiembre de 2023 - Interco | Premier site de mise en relation internationale<\/title>\n<meta name=\"robots\" content=\"index, follow, max-snippet:-1, max-image-preview:large, max-video-preview:-1\" \/>\n<link rel=\"canonical\" href=\"https:\/\/interco-international.com\/es\/2023\/08\/25\/lancement-du-forum-sustenta-vitis-le-21-septembre-2023\/\" \/>\n<meta property=\"og:locale\" content=\"es_ES\" \/>\n<meta property=\"og:type\" content=\"article\" \/>\n<meta property=\"og:title\" content=\"Lanzamiento del foro Sustenta Vitis el 21 de septiembre de 2023 - Interco | Premier site de mise en relation internationale\" \/>\n<meta property=\"og:description\" content=\"El foro \u00abSustenta-Vitis\u00bb se llevar\u00e1 acabo el jueves 21 de septiembre en Mendoza (Argentina), en el marco del proyecto europeo [&hellip;]\" \/>\n<meta property=\"og:url\" content=\"https:\/\/interco-international.com\/es\/2023\/08\/25\/lancement-du-forum-sustenta-vitis-le-21-septembre-2023\/\" \/>\n<meta property=\"og:site_name\" content=\"Interco | Premier site de mise en relation internationale\" \/>\n<meta property=\"article:published_time\" content=\"2023-08-25T14:51:45+00:00\" \/>\n<meta property=\"article:modified_time\" content=\"2023-08-25T15:00:20+00:00\" \/>\n<meta property=\"og:image\" content=\"https:\/\/interco-international.com\/wp-content\/uploads\/2023\/08\/Capture-decran-2023-08-25-a-16.29.33.png\" \/>\n\t<meta property=\"og:image:width\" content=\"1532\" \/>\n\t<meta property=\"og:image:height\" content=\"1300\" \/>\n\t<meta property=\"og:image:type\" content=\"image\/png\" \/>\n<meta name=\"author\" content=\"ana interco\" \/>\n<meta name=\"twitter:card\" content=\"summary_large_image\" \/>\n<meta name=\"twitter:label1\" content=\"Escrito por\" \/>\n\t<meta name=\"twitter:data1\" content=\"ana interco\" \/>\n<script type=\"application\/ld+json\" class=\"yoast-schema-graph\">{\"@context\":\"https:\\\/\\\/schema.org\",\"@graph\":[{\"@type\":\"Article\",\"@id\":\"https:\\\/\\\/interco-international.com\\\/es\\\/2023\\\/08\\\/25\\\/lancement-du-forum-sustenta-vitis-le-21-septembre-2023\\\/#article\",\"isPartOf\":{\"@id\":\"https:\\\/\\\/interco-international.com\\\/es\\\/2023\\\/08\\\/25\\\/lancement-du-forum-sustenta-vitis-le-21-septembre-2023\\\/\"},\"author\":{\"name\":\"ana interco\",\"@id\":\"https:\\\/\\\/interco-international.com\\\/es\\\/#\\\/schema\\\/person\\\/6eb3ab527642af4db3cda7242da6207a\"},\"headline\":\"Lanzamiento del foro Sustenta Vitis el 21 de septiembre de 2023\",\"datePublished\":\"2023-08-25T14:51:45+00:00\",\"dateModified\":\"2023-08-25T15:00:20+00:00\",\"mainEntityOfPage\":{\"@id\":\"https:\\\/\\\/interco-international.com\\\/es\\\/2023\\\/08\\\/25\\\/lancement-du-forum-sustenta-vitis-le-21-septembre-2023\\\/\"},\"wordCount\":79,\"commentCount\":0,\"image\":{\"@id\":\"https:\\\/\\\/interco-international.com\\\/es\\\/2023\\\/08\\\/25\\\/lancement-du-forum-sustenta-vitis-le-21-septembre-2023\\\/#primaryimage\"},\"thumbnailUrl\":\"https:\\\/\\\/interco-international.com\\\/wp-content\\\/uploads\\\/2023\\\/08\\\/Capture-decran-2023-08-25-a-16.29.33.png\",\"articleSection\":[\"Non classifi\u00e9(e)\"],\"inLanguage\":\"es\",\"potentialAction\":[{\"@type\":\"CommentAction\",\"name\":\"Comment\",\"target\":[\"https:\\\/\\\/interco-international.com\\\/es\\\/2023\\\/08\\\/25\\\/lancement-du-forum-sustenta-vitis-le-21-septembre-2023\\\/#respond\"]}]},{\"@type\":\"WebPage\",\"@id\":\"https:\\\/\\\/interco-international.com\\\/es\\\/2023\\\/08\\\/25\\\/lancement-du-forum-sustenta-vitis-le-21-septembre-2023\\\/\",\"url\":\"https:\\\/\\\/interco-international.com\\\/es\\\/2023\\\/08\\\/25\\\/lancement-du-forum-sustenta-vitis-le-21-septembre-2023\\\/\",\"name\":\"Lanzamiento del foro Sustenta Vitis el 21 de septiembre de 2023 - Interco | Premier site de mise en relation internationale\",\"isPartOf\":{\"@id\":\"https:\\\/\\\/interco-international.com\\\/es\\\/#website\"},\"primaryImageOfPage\":{\"@id\":\"https:\\\/\\\/interco-international.com\\\/es\\\/2023\\\/08\\\/25\\\/lancement-du-forum-sustenta-vitis-le-21-septembre-2023\\\/#primaryimage\"},\"image\":{\"@id\":\"https:\\\/\\\/interco-international.com\\\/es\\\/2023\\\/08\\\/25\\\/lancement-du-forum-sustenta-vitis-le-21-septembre-2023\\\/#primaryimage\"},\"thumbnailUrl\":\"https:\\\/\\\/interco-international.com\\\/wp-content\\\/uploads\\\/2023\\\/08\\\/Capture-decran-2023-08-25-a-16.29.33.png\",\"datePublished\":\"2023-08-25T14:51:45+00:00\",\"dateModified\":\"2023-08-25T15:00:20+00:00\",\"author\":{\"@id\":\"https:\\\/\\\/interco-international.com\\\/es\\\/#\\\/schema\\\/person\\\/6eb3ab527642af4db3cda7242da6207a\"},\"breadcrumb\":{\"@id\":\"https:\\\/\\\/interco-international.com\\\/es\\\/2023\\\/08\\\/25\\\/lancement-du-forum-sustenta-vitis-le-21-septembre-2023\\\/#breadcrumb\"},\"inLanguage\":\"es\",\"potentialAction\":[{\"@type\":\"ReadAction\",\"target\":[\"https:\\\/\\\/interco-international.com\\\/es\\\/2023\\\/08\\\/25\\\/lancement-du-forum-sustenta-vitis-le-21-septembre-2023\\\/\"]}]},{\"@type\":\"ImageObject\",\"inLanguage\":\"es\",\"@id\":\"https:\\\/\\\/interco-international.com\\\/es\\\/2023\\\/08\\\/25\\\/lancement-du-forum-sustenta-vitis-le-21-septembre-2023\\\/#primaryimage\",\"url\":\"https:\\\/\\\/interco-international.com\\\/wp-content\\\/uploads\\\/2023\\\/08\\\/Capture-decran-2023-08-25-a-16.29.33.png\",\"contentUrl\":\"https:\\\/\\\/interco-international.com\\\/wp-content\\\/uploads\\\/2023\\\/08\\\/Capture-decran-2023-08-25-a-16.29.33.png\",\"width\":1532,\"height\":1300},{\"@type\":\"BreadcrumbList\",\"@id\":\"https:\\\/\\\/interco-international.com\\\/es\\\/2023\\\/08\\\/25\\\/lancement-du-forum-sustenta-vitis-le-21-septembre-2023\\\/#breadcrumb\",\"itemListElement\":[{\"@type\":\"ListItem\",\"position\":1,\"name\":\"Accueil\",\"item\":\"https:\\\/\\\/interco-international.com\\\/es\\\/\"},{\"@type\":\"ListItem\",\"position\":2,\"name\":\"Lanzamiento del foro Sustenta Vitis el 21 de septiembre de 2023\"}]},{\"@type\":\"WebSite\",\"@id\":\"https:\\\/\\\/interco-international.com\\\/es\\\/#website\",\"url\":\"https:\\\/\\\/interco-international.com\\\/es\\\/\",\"name\":\"Interco | Premier site de mise en relation internationale\",\"description\":\"Agence de Coop\u00e9ration Internationale Nouvelle-Aquitaine\",\"potentialAction\":[{\"@type\":\"SearchAction\",\"target\":{\"@type\":\"EntryPoint\",\"urlTemplate\":\"https:\\\/\\\/interco-international.com\\\/es\\\/?s={search_term_string}\"},\"query-input\":{\"@type\":\"PropertyValueSpecification\",\"valueRequired\":true,\"valueName\":\"search_term_string\"}}],\"inLanguage\":\"es\"},{\"@type\":\"Person\",\"@id\":\"https:\\\/\\\/interco-international.com\\\/es\\\/#\\\/schema\\\/person\\\/6eb3ab527642af4db3cda7242da6207a\",\"name\":\"ana interco\",\"image\":{\"@type\":\"ImageObject\",\"inLanguage\":\"es\",\"@id\":\"https:\\\/\\\/secure.gravatar.com\\\/avatar\\\/b36cad9adac0f5a25df33446d7f6c34a567a48660ba100d67eedaeb0fe499ce3?s=96&d=mm&r=g\",\"url\":\"https:\\\/\\\/secure.gravatar.com\\\/avatar\\\/b36cad9adac0f5a25df33446d7f6c34a567a48660ba100d67eedaeb0fe499ce3?s=96&d=mm&r=g\",\"contentUrl\":\"https:\\\/\\\/secure.gravatar.com\\\/avatar\\\/b36cad9adac0f5a25df33446d7f6c34a567a48660ba100d67eedaeb0fe499ce3?s=96&d=mm&r=g\",\"caption\":\"ana interco\"},\"url\":\"https:\\\/\\\/interco-international.com\\\/es\\\/author\\\/ana-merchaninterco-international-com\\\/\"}]}<\/script>\n<!-- \/ Yoast SEO plugin. -->","yoast_head_json":{"title":"Lanzamiento del foro Sustenta Vitis el 21 de septiembre de 2023 - Interco | Premier site de mise en relation internationale","robots":{"index":"index","follow":"follow","max-snippet":"max-snippet:-1","max-image-preview":"max-image-preview:large","max-video-preview":"max-video-preview:-1"},"canonical":"https:\/\/interco-international.com\/es\/2023\/08\/25\/lancement-du-forum-sustenta-vitis-le-21-septembre-2023\/","og_locale":"es_ES","og_type":"article","og_title":"Lanzamiento del foro Sustenta Vitis el 21 de septiembre de 2023 - Interco | Premier site de mise en relation internationale","og_description":"El foro \u00abSustenta-Vitis\u00bb se llevar\u00e1 acabo el jueves 21 de septiembre en Mendoza (Argentina), en el marco del proyecto europeo [&hellip;]","og_url":"https:\/\/interco-international.com\/es\/2023\/08\/25\/lancement-du-forum-sustenta-vitis-le-21-septembre-2023\/","og_site_name":"Interco | Premier site de mise en relation internationale","article_published_time":"2023-08-25T14:51:45+00:00","article_modified_time":"2023-08-25T15:00:20+00:00","og_image":[{"width":1532,"height":1300,"url":"https:\/\/interco-international.com\/wp-content\/uploads\/2023\/08\/Capture-decran-2023-08-25-a-16.29.33.png","type":"image\/png"}],"author":"ana interco","twitter_card":"summary_large_image","twitter_misc":{"Escrito por":"ana interco"},"schema":{"@context":"https:\/\/schema.org","@graph":[{"@type":"Article","@id":"https:\/\/interco-international.com\/es\/2023\/08\/25\/lancement-du-forum-sustenta-vitis-le-21-septembre-2023\/#article","isPartOf":{"@id":"https:\/\/interco-international.com\/es\/2023\/08\/25\/lancement-du-forum-sustenta-vitis-le-21-septembre-2023\/"},"author":{"name":"ana interco","@id":"https:\/\/interco-international.com\/es\/#\/schema\/person\/6eb3ab527642af4db3cda7242da6207a"},"headline":"Lanzamiento del foro Sustenta Vitis el 21 de septiembre de 2023","datePublished":"2023-08-25T14:51:45+00:00","dateModified":"2023-08-25T15:00:20+00:00","mainEntityOfPage":{"@id":"https:\/\/interco-international.com\/es\/2023\/08\/25\/lancement-du-forum-sustenta-vitis-le-21-septembre-2023\/"},"wordCount":79,"commentCount":0,"image":{"@id":"https:\/\/interco-international.com\/es\/2023\/08\/25\/lancement-du-forum-sustenta-vitis-le-21-septembre-2023\/#primaryimage"},"thumbnailUrl":"https:\/\/interco-international.com\/wp-content\/uploads\/2023\/08\/Capture-decran-2023-08-25-a-16.29.33.png","articleSection":["Non classifi\u00e9(e)"],"inLanguage":"es","potentialAction":[{"@type":"CommentAction","name":"Comment","target":["https:\/\/interco-international.com\/es\/2023\/08\/25\/lancement-du-forum-sustenta-vitis-le-21-septembre-2023\/#respond"]}]},{"@type":"WebPage","@id":"https:\/\/interco-international.com\/es\/2023\/08\/25\/lancement-du-forum-sustenta-vitis-le-21-septembre-2023\/","url":"https:\/\/interco-international.com\/es\/2023\/08\/25\/lancement-du-forum-sustenta-vitis-le-21-septembre-2023\/","name":"Lanzamiento del foro Sustenta Vitis el 21 de septiembre de 2023 - Interco | Premier site de mise en relation internationale","isPartOf":{"@id":"https:\/\/interco-international.com\/es\/#website"},"primaryImageOfPage":{"@id":"https:\/\/interco-international.com\/es\/2023\/08\/25\/lancement-du-forum-sustenta-vitis-le-21-septembre-2023\/#primaryimage"},"image":{"@id":"https:\/\/interco-international.com\/es\/2023\/08\/25\/lancement-du-forum-sustenta-vitis-le-21-septembre-2023\/#primaryimage"},"thumbnailUrl":"https:\/\/interco-international.com\/wp-content\/uploads\/2023\/08\/Capture-decran-2023-08-25-a-16.29.33.png","datePublished":"2023-08-25T14:51:45+00:00","dateModified":"2023-08-25T15:00:20+00:00","author":{"@id":"https:\/\/interco-international.com\/es\/#\/schema\/person\/6eb3ab527642af4db3cda7242da6207a"},"breadcrumb":{"@id":"https:\/\/interco-international.com\/es\/2023\/08\/25\/lancement-du-forum-sustenta-vitis-le-21-septembre-2023\/#breadcrumb"},"inLanguage":"es","potentialAction":[{"@type":"ReadAction","target":["https:\/\/interco-international.com\/es\/2023\/08\/25\/lancement-du-forum-sustenta-vitis-le-21-septembre-2023\/"]}]},{"@type":"ImageObject","inLanguage":"es","@id":"https:\/\/interco-international.com\/es\/2023\/08\/25\/lancement-du-forum-sustenta-vitis-le-21-septembre-2023\/#primaryimage","url":"https:\/\/interco-international.com\/wp-content\/uploads\/2023\/08\/Capture-decran-2023-08-25-a-16.29.33.png","contentUrl":"https:\/\/interco-international.com\/wp-content\/uploads\/2023\/08\/Capture-decran-2023-08-25-a-16.29.33.png","width":1532,"height":1300},{"@type":"BreadcrumbList","@id":"https:\/\/interco-international.com\/es\/2023\/08\/25\/lancement-du-forum-sustenta-vitis-le-21-septembre-2023\/#breadcrumb","itemListElement":[{"@type":"ListItem","position":1,"name":"Accueil","item":"https:\/\/interco-international.com\/es\/"},{"@type":"ListItem","position":2,"name":"Lanzamiento del foro Sustenta Vitis el 21 de septiembre de 2023"}]},{"@type":"WebSite","@id":"https:\/\/interco-international.com\/es\/#website","url":"https:\/\/interco-international.com\/es\/","name":"Interco | Premier site de mise en relation internationale","description":"Agence de Coop\u00e9ration Internationale Nouvelle-Aquitaine","potentialAction":[{"@type":"SearchAction","target":{"@type":"EntryPoint","urlTemplate":"https:\/\/interco-international.com\/es\/?s={search_term_string}"},"query-input":{"@type":"PropertyValueSpecification","valueRequired":true,"valueName":"search_term_string"}}],"inLanguage":"es"},{"@type":"Person","@id":"https:\/\/interco-international.com\/es\/#\/schema\/person\/6eb3ab527642af4db3cda7242da6207a","name":"ana interco","image":{"@type":"ImageObject","inLanguage":"es","@id":"https:\/\/secure.gravatar.com\/avatar\/b36cad9adac0f5a25df33446d7f6c34a567a48660ba100d67eedaeb0fe499ce3?s=96&d=mm&r=g","url":"https:\/\/secure.gravatar.com\/avatar\/b36cad9adac0f5a25df33446d7f6c34a567a48660ba100d67eedaeb0fe499ce3?s=96&d=mm&r=g","contentUrl":"https:\/\/secure.gravatar.com\/avatar\/b36cad9adac0f5a25df33446d7f6c34a567a48660ba100d67eedaeb0fe499ce3?s=96&d=mm&r=g","caption":"ana interco"},"url":"https:\/\/interco-international.com\/es\/author\/ana-merchaninterco-international-com\/"}]}},"_links":{"self":[{"href":"https:\/\/interco-international.com\/es\/wp-json\/wp\/v2\/posts\/8307","targetHints":{"allow":["GET"]}}],"collection":[{"href":"https:\/\/interco-international.com\/es\/wp-json\/wp\/v2\/posts"}],"about":[{"href":"https:\/\/interco-international.com\/es\/wp-json\/wp\/v2\/types\/post"}],"author":[{"embeddable":true,"href":"https:\/\/interco-international.com\/es\/wp-json\/wp\/v2\/users\/9"}],"replies":[{"embeddable":true,"href":"https:\/\/interco-international.com\/es\/wp-json\/wp\/v2\/comments?post=8307"}],"version-history":[{"count":4,"href":"https:\/\/interco-international.com\/es\/wp-json\/wp\/v2\/posts\/8307\/revisions"}],"predecessor-version":[{"id":8315,"href":"https:\/\/interco-international.com\/es\/wp-json\/wp\/v2\/posts\/8307\/revisions\/8315"}],"wp:featuredmedia":[{"embeddable":true,"href":"https:\/\/interco-international.com\/es\/wp-json\/wp\/v2\/media\/8298"}],"wp:attachment":[{"href":"https:\/\/interco-international.com\/es\/wp-json\/wp\/v2\/media?parent=8307"}],"wp:term":[{"taxonomy":"category","embeddable":true,"href":"https:\/\/interco-international.com\/es\/wp-json\/wp\/v2\/categories?post=8307"},{"taxonomy":"post_tag","embeddable":true,"href":"https:\/\/interco-international.com\/es\/wp-json\/wp\/v2\/tags?post=8307"}],"curies":[{"name":"wp","href":"https:\/\/api.w.org\/{rel}","templated":true}]}}